{"id":25340,"date":"2025-03-20T01:42:12","date_gmt":"2025-03-19T22:42:12","guid":{"rendered":"https:\/\/www.egemtv.com\/?p=25340"},"modified":"2025-03-20T01:42:18","modified_gmt":"2025-03-19T22:42:18","slug":"burak-goren-bir-sansimiz-daha-olacak","status":"publish","type":"post","link":"https:\/\/www.egemtv.com\/?p=25340","title":{"rendered":"Burak G\u00f6ren: &#8220;Bir \u015fans\u0131m\u0131z daha olacak&#8221;"},"content":{"rendered":"<p>Alia\u011fa Petkimspor Ba\u015fantren\u00f6r\u00fc Burak G\u00f6ren, Tenerife ma\u00e7\u0131 sonras\u0131, &#8220;Alia\u011fa\u2019da ilk kez Son 16 heyecan\u0131n\u0131 ya\u015f\u0131yoruz. Gelecek hafta Reggio Emilia deplasman\u0131nda bir \u015fans\u0131m\u0131z daha olacak, bu \u015fans\u0131 kullanmaya \u00e7al\u0131\u015faca\u011f\u0131z&#8221; dedi.<br \/>\n<br \/>FIBA \u015eampiyonlar Ligi son 16 turu K Grubu\u2019nun 5. ma\u00e7\u0131nda Alia\u011fa Petkimspor, sahas\u0131nda \u0130spanyol temsilcisi Tenerife\u2019yi 85-80 ma\u011flup olarak d\u00f6rd\u00fcnc\u00fc yenilgisini ald\u0131. Ma\u00e7\u0131n ard\u0131ndan d\u00fczenlenen bas\u0131n toplant\u0131s\u0131nda Alia\u011fa Petkimspor Ba\u015fantren\u00f6r\u00fc Burak G\u00f6ren, a\u00e7\u0131klamalarda bulundu. G\u00f6ren, &#8220;D\u00fcr\u00fcst olmak gerekirse ba\u015f\u0131m\u0131z dik \u00e7\u00fcnk\u00fc kul\u00fcp olarak ilk kez b\u00f6yle bir seviyede m\u00fccadele ediyoruz. Herkes Tenerife\u2019nin ne kadar kaliteli ve tecr\u00fcbeli bir tak\u0131m oldu\u011funu biliyor. Onlara b\u00fcy\u00fck sayg\u0131 duyuyorum, y\u0131llard\u0131r birlikte oynayan bir tak\u0131m. Sahada nas\u0131l oynamalar\u0131 gerekti\u011fini \u00e7ok iyi biliyorlar. Son b\u00f6l\u00fcmde \u015futlar ka\u00e7\u0131rd\u0131k ve rakibimiz bu sayede ge\u00e7i\u015f h\u00fccumlar\u0131ndan kolay \u015futlar buldu. Son b\u00f6l\u00fcmde tecr\u00fcbelerini ortaya koydular. Buna ra\u011fmen tak\u0131m\u0131mla gurur duyuyorum, Alia\u011fa\u2019da ilk kez son 16 heyecan\u0131n\u0131 ya\u015f\u0131yoruz. Gelecek hafta Reggio Emilia deplasman\u0131nda bir \u015fans\u0131m\u0131z daha olacak, bu \u015fans\u0131 kullanmaya \u00e7al\u0131\u015faca\u011f\u0131z. Oyuncular\u0131m\u0131za ve taraftar\u0131m\u0131za te\u015fekk\u00fcr ederim. Oyuncular\u0131mla gurur duydu\u011fumu bir kez daha vurgulamak istiyorum, sezon ba\u015f\u0131ndan itibaren sonuna kadar m\u00fccadele ediyorlar. Her ma\u00e7ta karakterlerini ortaya koyup son ana kadar oynuyorlar. Bug\u00fcn kaybettik ama m\u00fccadeleden dolay\u0131 mutluyuz&#8221; ifadelerini kulland\u0131.<br \/><\/p>\n","protected":false},"excerpt":{"rendered":"<p>Alia\u011fa Petkimspor Ba\u015fantren\u00f6r\u00fc Burak G\u00f6ren, Tenerife ma\u00e7\u0131 sonras\u0131, &#8220;Alia\u011fa\u2019da ilk kez Son 16 heyecan\u0131n\u0131 ya\u015f\u0131yoruz. Gelecek hafta Reggio Emilia deplasman\u0131nda bir \u015fans\u0131m\u0131z daha olacak, bu \u015fans\u0131 kullanmaya \u00e7al\u0131\u015faca\u011f\u0131z&#8221; dedi. FIBA \u015eampiyonlar Ligi son 16 turu K Grubu\u2019nun 5. ma\u00e7\u0131nda Alia\u011fa Petkimspor, sahas\u0131nda \u0130spanyol temsilcisi Tenerife\u2019yi 85-80 ma\u011flup olarak d\u00f6rd\u00fcnc\u00fc yenilgisini ald\u0131. Ma\u00e7\u0131n ard\u0131ndan d\u00fczenlenen bas\u0131n&#8230;<\/p>\n","protected":false},"author":1,"featured_media":25341,"comment_status":"open","ping_status":"open","sticky":false,"template":"","format":"standard","meta":{"_crdt_document":"","footnotes":""},"categories":[4],"tags":[],"class_list":["post-25340","post","type-post","status-publish","format-standard","has-post-thumbnail","hentry","category-spor"],"_links":{"self":[{"href":"https:\/\/www.egemtv.com\/index.php?rest_route=\/wp\/v2\/posts\/25340","targetHints":{"allow":["GET"]}}],"collection":[{"href":"https:\/\/www.egemtv.com\/index.php?rest_route=\/wp\/v2\/posts"}],"about":[{"href":"https:\/\/www.egemtv.com\/index.php?rest_route=\/wp\/v2\/types\/post"}],"author":[{"embeddable":true,"href":"https:\/\/www.egemtv.com\/index.php?rest_route=\/wp\/v2\/users\/1"}],"replies":[{"embeddable":true,"href":"https:\/\/www.egemtv.com\/index.php?rest_route=%2Fwp%2Fv2%2Fcomments&post=25340"}],"version-history":[{"count":1,"href":"https:\/\/www.egemtv.com\/index.php?rest_route=\/wp\/v2\/posts\/25340\/revisions"}],"predecessor-version":[{"id":25342,"href":"https:\/\/www.egemtv.com\/index.php?rest_route=\/wp\/v2\/posts\/25340\/revisions\/25342"}],"wp:featuredmedia":[{"embeddable":true,"href":"https:\/\/www.egemtv.com\/index.php?rest_route=\/wp\/v2\/media\/25341"}],"wp:attachment":[{"href":"https:\/\/www.egemtv.com\/index.php?rest_route=%2Fwp%2Fv2%2Fmedia&parent=25340"}],"wp:term":[{"taxonomy":"category","embeddable":true,"href":"https:\/\/www.egemtv.com\/index.php?rest_route=%2Fwp%2Fv2%2Fcategories&post=25340"},{"taxonomy":"post_tag","embeddable":true,"href":"https:\/\/www.egemtv.com\/index.php?rest_route=%2Fwp%2Fv2%2Ftags&post=25340"}],"curies":[{"name":"wp","href":"https:\/\/api.w.org\/{rel}","templated":true}]}}