{"id":25337,"date":"2025-03-19T23:09:56","date_gmt":"2025-03-19T20:09:56","guid":{"rendered":"https:\/\/www.egemtv.com\/?p=25337"},"modified":"2025-03-19T23:10:02","modified_gmt":"2025-03-19T20:10:02","slug":"baskan-unlu-magduriyetimizle-ilgili-sikayetci-olduk","status":"publish","type":"post","link":"https:\/\/www.egemtv.com\/?p=25337","title":{"rendered":"Ba\u015fkan \u00dcnl\u00fc: &#8220;Ma\u011fduriyetimizle ilgili \u015fikayet\u00e7i olduk&#8221;"},"content":{"rendered":"<p>Marmaris Belediye Ba\u015fkan\u0131 Acar \u00dcnl\u00fc, \u0130stanbul B\u00fcy\u00fck\u015fehir Belediye Ba\u015fkan\u0131 Ekrem \u0130mamo\u011flu\u2019nun g\u00f6zalt\u0131na al\u0131nmas\u0131 ile ilgili yap\u0131lan bas\u0131n a\u00e7\u0131klamas\u0131nda ya\u015fanan olaylarla ilgili a\u00e7\u0131klamada bulundu. Ba\u015fkan \u00dcnl\u00fc, karakola giderek sorumlulardan \u015fikayet\u00e7i olduklar\u0131n\u0131 dile getirdi.<br \/>\n<br \/>Marmaris Belediye Ba\u015fkan\u0131 Acar \u00dcnl\u00fc, bug\u00fcn Mu\u011fla Adliyesi \u00f6n\u00fcnde \u0130stanbul B\u00fcy\u00fck\u015fehir Belediye Ba\u015fkan\u0131 Ekrem \u0130mamo\u011flu\u2018nun g\u00f6zalt\u0131na al\u0131nmas\u0131n\u0131 protesto ederken emniyet mensuplar\u0131yla bir arbede ya\u015fam\u0131\u015ft\u0131. Arbedenin sonucunda \u00f6nce hastaneye giderek sa\u011fl\u0131k raporu alan Acar \u00dcnl\u00fc, ard\u0131ndan kendisi, foto\u011fraf\u00e7\u0131s\u0131 ve koruma memuru ile birlikte Marmaris \u015eehit Nedip Cengiz Eker Polis Karakolu\u2019na gelerek ifade verdi. Ba\u015fkan \u00dcnl\u00fc hakk\u0131nda y\u00fcr\u00fcy\u00fc\u015f kanununa muhalefet, polise mukavemet, kamu mal\u0131na zarar vermek su\u00e7lar\u0131ndan soru\u015fturma a\u00e7\u0131ld\u0131\u011f\u0131 \u00f6\u011frenildi.<br \/>\n<br \/>Ba\u015fkan \u00dcnl\u00fc karakol \u00e7\u0131k\u0131\u015f\u0131 yapt\u0131\u011f\u0131 a\u00e7\u0131klamada, &#8220;Bug\u00fcn ya\u015fanan olaylarla ilgili \u015fikayet\u00e7i olup, ifade vermeye geldik. S\u00fcre\u00e7 ortada, bizim zaten parti olarak g\u00f6r\u00fc\u015f\u00fcm\u00fcz ortada. Partimizin g\u00f6r\u00fc\u015f\u00fc do\u011frultusunda durumu takip ediyoruz ve bu g\u00f6r\u00fc\u015f \u00e7er\u00e7evesinde s\u00fcreci y\u00f6netece\u011fiz. Bug\u00fcn Mu\u011fla Adliyesi \u00f6n\u00fcnde ya\u015fananlarla ilgili olay\u0131n nas\u0131l oldu\u011funu dile getirdik ve ma\u011fduriyetimizle ilgili \u015fikayet\u00e7i olduk&#8221; dedi.<br \/><\/p>\n","protected":false},"excerpt":{"rendered":"<p>Marmaris Belediye Ba\u015fkan\u0131 Acar \u00dcnl\u00fc, \u0130stanbul B\u00fcy\u00fck\u015fehir Belediye Ba\u015fkan\u0131 Ekrem \u0130mamo\u011flu\u2019nun g\u00f6zalt\u0131na al\u0131nmas\u0131 ile ilgili yap\u0131lan bas\u0131n a\u00e7\u0131klamas\u0131nda ya\u015fanan olaylarla ilgili a\u00e7\u0131klamada bulundu. Ba\u015fkan \u00dcnl\u00fc, karakola giderek sorumlulardan \u015fikayet\u00e7i olduklar\u0131n\u0131 dile getirdi. Marmaris Belediye Ba\u015fkan\u0131 Acar \u00dcnl\u00fc, bug\u00fcn Mu\u011fla Adliyesi \u00f6n\u00fcnde \u0130stanbul B\u00fcy\u00fck\u015fehir Belediye Ba\u015fkan\u0131 Ekrem \u0130mamo\u011flu\u2018nun g\u00f6zalt\u0131na al\u0131nmas\u0131n\u0131 protesto ederken emniyet mensuplar\u0131yla bir arbede&#8230;<\/p>\n","protected":false},"author":1,"featured_media":25338,"comment_status":"open","ping_status":"open","sticky":false,"template":"","format":"standard","meta":{"_crdt_document":"","footnotes":""},"categories":[127],"tags":[],"class_list":["post-25337","post","type-post","status-publish","format-standard","has-post-thumbnail","hentry","category-siyaset"],"_links":{"self":[{"href":"https:\/\/www.egemtv.com\/index.php?rest_route=\/wp\/v2\/posts\/25337","targetHints":{"allow":["GET"]}}],"collection":[{"href":"https:\/\/www.egemtv.com\/index.php?rest_route=\/wp\/v2\/posts"}],"about":[{"href":"https:\/\/www.egemtv.com\/index.php?rest_route=\/wp\/v2\/types\/post"}],"author":[{"embeddable":true,"href":"https:\/\/www.egemtv.com\/index.php?rest_route=\/wp\/v2\/users\/1"}],"replies":[{"embeddable":true,"href":"https:\/\/www.egemtv.com\/index.php?rest_route=%2Fwp%2Fv2%2Fcomments&post=25337"}],"version-history":[{"count":1,"href":"https:\/\/www.egemtv.com\/index.php?rest_route=\/wp\/v2\/posts\/25337\/revisions"}],"predecessor-version":[{"id":25339,"href":"https:\/\/www.egemtv.com\/index.php?rest_route=\/wp\/v2\/posts\/25337\/revisions\/25339"}],"wp:featuredmedia":[{"embeddable":true,"href":"https:\/\/www.egemtv.com\/index.php?rest_route=\/wp\/v2\/media\/25338"}],"wp:attachment":[{"href":"https:\/\/www.egemtv.com\/index.php?rest_route=%2Fwp%2Fv2%2Fmedia&parent=25337"}],"wp:term":[{"taxonomy":"category","embeddable":true,"href":"https:\/\/www.egemtv.com\/index.php?rest_route=%2Fwp%2Fv2%2Fcategories&post=25337"},{"taxonomy":"post_tag","embeddable":true,"href":"https:\/\/www.egemtv.com\/index.php?rest_route=%2Fwp%2Fv2%2Ftags&post=25337"}],"curies":[{"name":"wp","href":"https:\/\/api.w.org\/{rel}","templated":true}]}}