{"id":25331,"date":"2025-03-19T22:42:26","date_gmt":"2025-03-19T19:42:26","guid":{"rendered":"https:\/\/www.egemtv.com\/?p=25331"},"modified":"2025-03-19T22:42:30","modified_gmt":"2025-03-19T19:42:30","slug":"ak-parti-genel-sekreteri-inan-chp-yerel-yonetimden-bir-gram-anlamaz-25-senedir-izmiri-geriye-goturduler","status":"publish","type":"post","link":"https:\/\/www.egemtv.com\/?p=25331","title":{"rendered":"AK Parti Genel Sekreteri \u0130nan: &#8220;CHP, yerel y\u00f6netimden bir gram anlamaz, 25 senedir \u0130zmir\u2019i geriye g\u00f6t\u00fcrd\u00fcler&#8221;"},"content":{"rendered":"<p>AK Parti Genel Sekreteri ve \u0130zmir Milletvekili Eyy\u00fcp Kadir \u0130nan, &#8220;CHP, yerel y\u00f6netimden bir gram anlamaz. 25 senedir \u0130zmir\u2019i geriye g\u00f6t\u00fcrd\u00fcler. Masmavi \u0130zmir K\u00f6rfezi\u2019ni \u015fu an kapkara bir hale getirdiler&#8221; dedi.<br \/>\n<br \/>\u0130nan, AK Parti Afyonkarahisar \u0130l Ba\u015fkanl\u0131\u011f\u0131 taraf\u0131ndan ger\u00e7ekle\u015ftirilen iftar program\u0131na kat\u0131ld\u0131. Programda konu\u015fan \u0130nan, yerel y\u00f6netimlerde CHP\u2019yi ele\u015ftirerek, &#8220;CHP, yerel y\u00f6netimden bir gram anlamaz. 25 senedir \u0130zmir\u2019i geriye g\u00f6t\u00fcrd\u00fcler. Masmavi \u0130zmir K\u00f6rfezi\u2019ni \u015fu an kapkara bir hale getirdiler. Her g\u00fcn onlarca at\u0131k suyu \u0130zmir K\u00f6rfezi\u2019ne bo\u015falt\u0131yorlar. Biz buna muhalefet ediyoruz. \u0130zmirlilerin hakk\u0131n\u0131 savunuyoruz. Afyon\u2019da bir netice ald\u0131lar. Bursa\u2019da netice ald\u0131lar. Bal\u0131kesir\u2019de netice ald\u0131lar. Peki \u015fu bir sene i\u00e7erisinde bu \u015fehirleri bir gram ileri mi g\u00f6t\u00fcrd\u00fcler, yoksa tam 5 sene boyunca geriye mi g\u00f6t\u00fcrd\u00fcler? Burada bu muhasebeyi \u00e7ok iyi yapmam\u0131z laz\u0131m. \u0130n\u015fallah yi\u011fit d\u00fc\u015ft\u00fc\u011f\u00fc yerden kalkar&#8221; diye konu\u015ftu.<br \/>\n<br \/>\u0130nan, &#8220;Bunlar gen\u00e7lik d\u00fc\u015fman\u0131d\u0131r. Ge\u00e7en g\u00fcn Kad\u0131k\u00f6y Belediyesi\u2019nde han\u0131m ablalar\u0131m\u0131z g\u00f6rm\u00fc\u015ft\u00fcr. Bir tane Cumhuriyet Halk Partisi\u2019nin meclis ba\u015fkan vekilinin o han\u0131mefendiye kar\u015f\u0131 nas\u0131l fa\u015fizanca davrand\u0131\u011f\u0131n\u0131 bunlar kad\u0131n d\u00fc\u015fman. Ve \u015funu s\u00f6yleyeyim, T\u00fcrk demokrasi tarihinde, darbeleri sevdal\u0131 bir parti varsa, darbeci bir parti varsa o da Cumhuriyet Halk Partisi\u2019dir. Biz bunlar\u0131 biliyoruz&#8221; dedi.<br \/><\/p>\n","protected":false},"excerpt":{"rendered":"<p>AK Parti Genel Sekreteri ve \u0130zmir Milletvekili Eyy\u00fcp Kadir \u0130nan, &#8220;CHP, yerel y\u00f6netimden bir gram anlamaz. 25 senedir \u0130zmir\u2019i geriye g\u00f6t\u00fcrd\u00fcler. Masmavi \u0130zmir K\u00f6rfezi\u2019ni \u015fu an kapkara bir hale getirdiler&#8221; dedi. \u0130nan, AK Parti Afyonkarahisar \u0130l Ba\u015fkanl\u0131\u011f\u0131 taraf\u0131ndan ger\u00e7ekle\u015ftirilen iftar program\u0131na kat\u0131ld\u0131. Programda konu\u015fan \u0130nan, yerel y\u00f6netimlerde CHP\u2019yi ele\u015ftirerek, &#8220;CHP, yerel y\u00f6netimden bir gram anlamaz&#8230;.<\/p>\n","protected":false},"author":1,"featured_media":25332,"comment_status":"open","ping_status":"open","sticky":false,"template":"","format":"standard","meta":{"_crdt_document":"","footnotes":""},"categories":[127],"tags":[],"class_list":["post-25331","post","type-post","status-publish","format-standard","has-post-thumbnail","hentry","category-siyaset"],"_links":{"self":[{"href":"https:\/\/www.egemtv.com\/index.php?rest_route=\/wp\/v2\/posts\/25331","targetHints":{"allow":["GET"]}}],"collection":[{"href":"https:\/\/www.egemtv.com\/index.php?rest_route=\/wp\/v2\/posts"}],"about":[{"href":"https:\/\/www.egemtv.com\/index.php?rest_route=\/wp\/v2\/types\/post"}],"author":[{"embeddable":true,"href":"https:\/\/www.egemtv.com\/index.php?rest_route=\/wp\/v2\/users\/1"}],"replies":[{"embeddable":true,"href":"https:\/\/www.egemtv.com\/index.php?rest_route=%2Fwp%2Fv2%2Fcomments&post=25331"}],"version-history":[{"count":1,"href":"https:\/\/www.egemtv.com\/index.php?rest_route=\/wp\/v2\/posts\/25331\/revisions"}],"predecessor-version":[{"id":25333,"href":"https:\/\/www.egemtv.com\/index.php?rest_route=\/wp\/v2\/posts\/25331\/revisions\/25333"}],"wp:featuredmedia":[{"embeddable":true,"href":"https:\/\/www.egemtv.com\/index.php?rest_route=\/wp\/v2\/media\/25332"}],"wp:attachment":[{"href":"https:\/\/www.egemtv.com\/index.php?rest_route=%2Fwp%2Fv2%2Fmedia&parent=25331"}],"wp:term":[{"taxonomy":"category","embeddable":true,"href":"https:\/\/www.egemtv.com\/index.php?rest_route=%2Fwp%2Fv2%2Fcategories&post=25331"},{"taxonomy":"post_tag","embeddable":true,"href":"https:\/\/www.egemtv.com\/index.php?rest_route=%2Fwp%2Fv2%2Ftags&post=25331"}],"curies":[{"name":"wp","href":"https:\/\/api.w.org\/{rel}","templated":true}]}}