{"id":25328,"date":"2025-03-19T22:22:20","date_gmt":"2025-03-19T19:22:20","guid":{"rendered":"https:\/\/www.egemtv.com\/?p=25328"},"modified":"2025-03-19T22:22:24","modified_gmt":"2025-03-19T19:22:24","slug":"elektrik-telinden-dusen-kivilcimla-samanlik-odunluk-ve-traktor-kule-dondu","status":"publish","type":"post","link":"https:\/\/www.egemtv.com\/?p=25328","title":{"rendered":"Elektrik telinden d\u00fc\u015fen k\u0131v\u0131lc\u0131mla samanl\u0131k, odunluk ve trakt\u00f6r k\u00fcle d\u00f6nd\u00fc"},"content":{"rendered":"<p>Burdur merkeze ba\u011fl\u0131 B\u00fc\u011fd\u00fcz k\u00f6y\u00fcnde elektrik tellerinden \u00e7\u0131kan k\u0131v\u0131lc\u0131m\u0131n samanl\u0131\u011fa d\u00fc\u015fmesi sonucu \u00e7\u0131kan yang\u0131nda bir samanl\u0131k, odunluk ve 1 trakt\u00f6r kullan\u0131lamaz hale geldi.<br \/>\n<br \/>Yang\u0131n, saat 17.00 s\u0131ralar\u0131nda merkeze ba\u011fl\u0131 B\u00fc\u011fd\u00fcz k\u00f6y\u00fcnde meydana geldi. Edinilen bilgilere g\u00f6re, Mustafa Sa\u011flam\u2019a (49) ait samanl\u0131kta elektrik tellerinin birbirine de\u011fmesi sonucu samanlar\u0131n \u00fczerine d\u00fc\u015fen k\u0131v\u0131lc\u0131m nedeniyle yang\u0131n \u00e7\u0131kt\u0131. R\u00fczgar\u0131n etkisiyle k\u0131sa s\u00fcrede b\u00fcy\u00fcyen yang\u0131n yan tarafta bulunan Abd\u00fclkadir Kele\u015f\u2019e (54) ait odunlu\u011fa s\u0131\u00e7rad\u0131.<br \/>\n<br \/>Yang\u0131n\u0131 g\u00f6renlerin 112 Acil \u00c7a\u011fr\u0131 Merkezine ihbar\u0131 \u00fczerine olay yerine \u00e7ok say\u0131da itfaiye, jandarma ve sa\u011fl\u0131k ekipleri sevk edildi. B\u00f6lgeye gelen itfaiye ekiplerinin yakla\u015f\u0131k 4 saat s\u00fcren m\u00fcdahalesi sonucu yang\u0131n kontrol alt\u0131na al\u0131narak s\u00f6nd\u00fcr\u00fcld\u00fc. Yang\u0131nda samanl\u0131k i\u00e7erisinde bulunan samanlar ve trakt\u00f6r ile odunlukta b\u00fcy\u00fck \u00e7apl\u0131 maddi hasar meydana geldi. Olayda ise herhangi bir yaralanma ve can kayb\u0131n\u0131n olmamas\u0131 ise sevindirdi. \u0130hbar \u00fczerine olay yerine gelen Akdeniz Elektrek Da\u011f\u0131t\u0131m A.\u015e. g\u00f6revlileri elektri\u011fi keserek onar\u0131m \u00e7al\u0131\u015fmas\u0131 ba\u015flatt\u0131.<br \/><\/p>\n","protected":false},"excerpt":{"rendered":"<p>Burdur merkeze ba\u011fl\u0131 B\u00fc\u011fd\u00fcz k\u00f6y\u00fcnde elektrik tellerinden \u00e7\u0131kan k\u0131v\u0131lc\u0131m\u0131n samanl\u0131\u011fa d\u00fc\u015fmesi sonucu \u00e7\u0131kan yang\u0131nda bir samanl\u0131k, odunluk ve 1 trakt\u00f6r kullan\u0131lamaz hale geldi. Yang\u0131n, saat 17.00 s\u0131ralar\u0131nda merkeze ba\u011fl\u0131 B\u00fc\u011fd\u00fcz k\u00f6y\u00fcnde meydana geldi. Edinilen bilgilere g\u00f6re, Mustafa Sa\u011flam\u2019a (49) ait samanl\u0131kta elektrik tellerinin birbirine de\u011fmesi sonucu samanlar\u0131n \u00fczerine d\u00fc\u015fen k\u0131v\u0131lc\u0131m nedeniyle yang\u0131n \u00e7\u0131kt\u0131. R\u00fczgar\u0131n etkisiyle&#8230;<\/p>\n","protected":false},"author":1,"featured_media":25329,"comment_status":"open","ping_status":"open","sticky":false,"template":"","format":"standard","meta":{"_crdt_document":"","footnotes":""},"categories":[5],"tags":[],"class_list":["post-25328","post","type-post","status-publish","format-standard","has-post-thumbnail","hentry","category-asayis"],"_links":{"self":[{"href":"https:\/\/www.egemtv.com\/index.php?rest_route=\/wp\/v2\/posts\/25328","targetHints":{"allow":["GET"]}}],"collection":[{"href":"https:\/\/www.egemtv.com\/index.php?rest_route=\/wp\/v2\/posts"}],"about":[{"href":"https:\/\/www.egemtv.com\/index.php?rest_route=\/wp\/v2\/types\/post"}],"author":[{"embeddable":true,"href":"https:\/\/www.egemtv.com\/index.php?rest_route=\/wp\/v2\/users\/1"}],"replies":[{"embeddable":true,"href":"https:\/\/www.egemtv.com\/index.php?rest_route=%2Fwp%2Fv2%2Fcomments&post=25328"}],"version-history":[{"count":1,"href":"https:\/\/www.egemtv.com\/index.php?rest_route=\/wp\/v2\/posts\/25328\/revisions"}],"predecessor-version":[{"id":25330,"href":"https:\/\/www.egemtv.com\/index.php?rest_route=\/wp\/v2\/posts\/25328\/revisions\/25330"}],"wp:featuredmedia":[{"embeddable":true,"href":"https:\/\/www.egemtv.com\/index.php?rest_route=\/wp\/v2\/media\/25329"}],"wp:attachment":[{"href":"https:\/\/www.egemtv.com\/index.php?rest_route=%2Fwp%2Fv2%2Fmedia&parent=25328"}],"wp:term":[{"taxonomy":"category","embeddable":true,"href":"https:\/\/www.egemtv.com\/index.php?rest_route=%2Fwp%2Fv2%2Fcategories&post=25328"},{"taxonomy":"post_tag","embeddable":true,"href":"https:\/\/www.egemtv.com\/index.php?rest_route=%2Fwp%2Fv2%2Ftags&post=25328"}],"curies":[{"name":"wp","href":"https:\/\/api.w.org\/{rel}","templated":true}]}}