{"id":25322,"date":"2025-03-19T21:03:54","date_gmt":"2025-03-19T18:03:54","guid":{"rendered":"https:\/\/www.egemtv.com\/?p=25322"},"modified":"2025-03-19T21:04:03","modified_gmt":"2025-03-19T18:04:03","slug":"park-halindeki-otomobil-alev-topuna-dondu","status":"publish","type":"post","link":"https:\/\/www.egemtv.com\/?p=25322","title":{"rendered":"Park halindeki otomobil alev topuna d\u00f6nd\u00fc"},"content":{"rendered":"<p>Ayd\u0131n\u2019\u0131n Efeler il\u00e7esinde park halindeki otomobil alev topuna d\u00f6nd\u00fc. Arac\u0131n alev alev yand\u0131\u011f\u0131 anlar cep telefonu kameras\u0131 ile kaydedilirken, otomobilden geriye hurda y\u0131\u011f\u0131n\u0131 kald\u0131.<br \/>\n<br \/>Olay, Efeler il\u00e7esi Osman Yozgatl\u0131 Mahallesi 1265 Sokak \u00fczerinde meydana geldi. Edinilen bilgiye g\u00f6re hen\u00fcz bilinmeyen bir nedenle park halindeki otomobilde yang\u0131n \u00e7\u0131kt\u0131. Bir anda b\u00fcy\u00fcyen yang\u0131nda otomobil alev topuna d\u00f6nerken, vatanda\u015flar durumu 112 Acil \u00c7a\u011fr\u0131 Merkezi\u2019ne bildirdi. \u0130hbar \u00fczerine b\u00f6lgeye polis ve itfaiye ekipleri sevk edildi. K\u0131sa s\u00fcrede olay yerine gelen itfaiye ekipleri alevlere m\u00fcdahale etti. Ekiplerinyo\u011fun \u00e7abas\u0131yla otomobildeki alevler kontrol alt\u0131na al\u0131narak s\u00f6nd\u00fcr\u00fcld\u00fc. So\u011futma \u00e7al\u0131\u015fmalar\u0131n\u0131n ard\u0131ndan alev topuna d\u00f6nen otomobilden geriye sadece hurda y\u0131\u011f\u0131n\u0131 kald\u0131. Yang\u0131nla ilgili inceleme ba\u015flat\u0131ld\u0131.<br \/><\/p>\n","protected":false},"excerpt":{"rendered":"<p>Ayd\u0131n\u2019\u0131n Efeler il\u00e7esinde park halindeki otomobil alev topuna d\u00f6nd\u00fc. Arac\u0131n alev alev yand\u0131\u011f\u0131 anlar cep telefonu kameras\u0131 ile kaydedilirken, otomobilden geriye hurda y\u0131\u011f\u0131n\u0131 kald\u0131. Olay, Efeler il\u00e7esi Osman Yozgatl\u0131 Mahallesi 1265 Sokak \u00fczerinde meydana geldi. Edinilen bilgiye g\u00f6re hen\u00fcz bilinmeyen bir nedenle park halindeki otomobilde yang\u0131n \u00e7\u0131kt\u0131. Bir anda b\u00fcy\u00fcyen yang\u0131nda otomobil alev topuna d\u00f6nerken,&#8230;<\/p>\n","protected":false},"author":1,"featured_media":25323,"comment_status":"open","ping_status":"open","sticky":false,"template":"","format":"standard","meta":{"_crdt_document":"","footnotes":""},"categories":[5],"tags":[],"class_list":["post-25322","post","type-post","status-publish","format-standard","has-post-thumbnail","hentry","category-asayis"],"_links":{"self":[{"href":"https:\/\/www.egemtv.com\/index.php?rest_route=\/wp\/v2\/posts\/25322","targetHints":{"allow":["GET"]}}],"collection":[{"href":"https:\/\/www.egemtv.com\/index.php?rest_route=\/wp\/v2\/posts"}],"about":[{"href":"https:\/\/www.egemtv.com\/index.php?rest_route=\/wp\/v2\/types\/post"}],"author":[{"embeddable":true,"href":"https:\/\/www.egemtv.com\/index.php?rest_route=\/wp\/v2\/users\/1"}],"replies":[{"embeddable":true,"href":"https:\/\/www.egemtv.com\/index.php?rest_route=%2Fwp%2Fv2%2Fcomments&post=25322"}],"version-history":[{"count":1,"href":"https:\/\/www.egemtv.com\/index.php?rest_route=\/wp\/v2\/posts\/25322\/revisions"}],"predecessor-version":[{"id":25324,"href":"https:\/\/www.egemtv.com\/index.php?rest_route=\/wp\/v2\/posts\/25322\/revisions\/25324"}],"wp:featuredmedia":[{"embeddable":true,"href":"https:\/\/www.egemtv.com\/index.php?rest_route=\/wp\/v2\/media\/25323"}],"wp:attachment":[{"href":"https:\/\/www.egemtv.com\/index.php?rest_route=%2Fwp%2Fv2%2Fmedia&parent=25322"}],"wp:term":[{"taxonomy":"category","embeddable":true,"href":"https:\/\/www.egemtv.com\/index.php?rest_route=%2Fwp%2Fv2%2Fcategories&post=25322"},{"taxonomy":"post_tag","embeddable":true,"href":"https:\/\/www.egemtv.com\/index.php?rest_route=%2Fwp%2Fv2%2Ftags&post=25322"}],"curies":[{"name":"wp","href":"https:\/\/api.w.org\/{rel}","templated":true}]}}