{"id":25319,"date":"2025-03-19T20:43:13","date_gmt":"2025-03-19T17:43:13","guid":{"rendered":"https:\/\/www.egemtv.com\/?p=25319"},"modified":"2025-03-19T20:43:19","modified_gmt":"2025-03-19T17:43:19","slug":"izmirde-yasadisi-yollarla-avlanan-deniz-patlicanlari-denize-salindi","status":"publish","type":"post","link":"https:\/\/www.egemtv.com\/?p=25319","title":{"rendered":"\u0130zmir\u2019de yasad\u0131\u015f\u0131 yollarla avlanan deniz patl\u0131canlar\u0131 denize sal\u0131nd\u0131"},"content":{"rendered":"<p>\u0130zmir\u2019in Dikili il\u00e7esi Bademli mevkiinde beldesinde yap\u0131lan yol kontrollerinde bir  ara\u00e7 i\u00e7inde 600  kilogram canl\u0131 deniz patl\u0131can\u0131 ele ge\u00e7irildi.<br \/>\n<br \/>Dikili \u0130l\u00e7e Tar\u0131m ve Orman M\u00fcd\u00fcrl\u00fc\u011f\u00fc, Dikili Sahil G\u00fcvenelik Tim Komutanl\u0131\u011f\u0131 ve Dikili \u0130l\u00e7e Jandarma Komutanl\u0131\u011f\u0131 koordinesinde Bademli  mevkiinde yap\u0131lan yol denetimde Nakil arac\u0131n i\u00e7erisinde varil i\u00e7inde kacak avlanm\u0131\u015f canl\u0131 600 kilogram a\u011f\u0131rl\u0131\u011f\u0131nda deniz patl\u0131can\u0131 ele ge\u00e7irildi. Deniz patl\u0131canlar\u0131n\u0131 ta\u015f\u0131yan nakil arac\u0131na 37 bin 770 TL idari para cezas\u0131 kesildi. El konulan 600 kilogram deniz patl\u0131can\u0131 ise canl\u0131l\u0131\u011f\u0131n\u0131 korudu\u011fu i\u00e7in ekipler taraf\u0131ndan denize sal\u0131nd\u0131\u011f\u0131 \u00f6\u011frenildi..<br \/><\/p>\n","protected":false},"excerpt":{"rendered":"<p>\u0130zmir\u2019in Dikili il\u00e7esi Bademli mevkiinde beldesinde yap\u0131lan yol kontrollerinde bir ara\u00e7 i\u00e7inde 600 kilogram canl\u0131 deniz patl\u0131can\u0131 ele ge\u00e7irildi. Dikili \u0130l\u00e7e Tar\u0131m ve Orman M\u00fcd\u00fcrl\u00fc\u011f\u00fc, Dikili Sahil G\u00fcvenelik Tim Komutanl\u0131\u011f\u0131 ve Dikili \u0130l\u00e7e Jandarma Komutanl\u0131\u011f\u0131 koordinesinde Bademli mevkiinde yap\u0131lan yol denetimde Nakil arac\u0131n i\u00e7erisinde varil i\u00e7inde kacak avlanm\u0131\u015f canl\u0131 600 kilogram a\u011f\u0131rl\u0131\u011f\u0131nda deniz patl\u0131can\u0131 ele&#8230;<\/p>\n","protected":false},"author":1,"featured_media":25320,"comment_status":"open","ping_status":"open","sticky":false,"template":"","format":"standard","meta":{"_crdt_document":"","footnotes":""},"categories":[5],"tags":[],"class_list":["post-25319","post","type-post","status-publish","format-standard","has-post-thumbnail","hentry","category-asayis"],"_links":{"self":[{"href":"https:\/\/www.egemtv.com\/index.php?rest_route=\/wp\/v2\/posts\/25319","targetHints":{"allow":["GET"]}}],"collection":[{"href":"https:\/\/www.egemtv.com\/index.php?rest_route=\/wp\/v2\/posts"}],"about":[{"href":"https:\/\/www.egemtv.com\/index.php?rest_route=\/wp\/v2\/types\/post"}],"author":[{"embeddable":true,"href":"https:\/\/www.egemtv.com\/index.php?rest_route=\/wp\/v2\/users\/1"}],"replies":[{"embeddable":true,"href":"https:\/\/www.egemtv.com\/index.php?rest_route=%2Fwp%2Fv2%2Fcomments&post=25319"}],"version-history":[{"count":1,"href":"https:\/\/www.egemtv.com\/index.php?rest_route=\/wp\/v2\/posts\/25319\/revisions"}],"predecessor-version":[{"id":25321,"href":"https:\/\/www.egemtv.com\/index.php?rest_route=\/wp\/v2\/posts\/25319\/revisions\/25321"}],"wp:featuredmedia":[{"embeddable":true,"href":"https:\/\/www.egemtv.com\/index.php?rest_route=\/wp\/v2\/media\/25320"}],"wp:attachment":[{"href":"https:\/\/www.egemtv.com\/index.php?rest_route=%2Fwp%2Fv2%2Fmedia&parent=25319"}],"wp:term":[{"taxonomy":"category","embeddable":true,"href":"https:\/\/www.egemtv.com\/index.php?rest_route=%2Fwp%2Fv2%2Fcategories&post=25319"},{"taxonomy":"post_tag","embeddable":true,"href":"https:\/\/www.egemtv.com\/index.php?rest_route=%2Fwp%2Fv2%2Ftags&post=25319"}],"curies":[{"name":"wp","href":"https:\/\/api.w.org\/{rel}","templated":true}]}}