{"id":25316,"date":"2025-03-19T20:43:08","date_gmt":"2025-03-19T17:43:08","guid":{"rendered":"https:\/\/www.egemtv.com\/?p=25316"},"modified":"2025-03-19T20:43:12","modified_gmt":"2025-03-19T17:43:12","slug":"burdurda-kereste-fabrikasi-cikan-yanginda-kule-dondu","status":"publish","type":"post","link":"https:\/\/www.egemtv.com\/?p=25316","title":{"rendered":"Burdur\u2019da kereste fabrikas\u0131 \u00e7\u0131kan yang\u0131nda k\u00fcle d\u00f6nd\u00fc"},"content":{"rendered":"<p>Burdur\u2019un Bucak il\u00e7esinde kereste fabrikas\u0131nda \u00e7\u0131kan yang\u0131nda i\u015fletme k\u00fcle d\u00f6nd\u00fc.<br \/>\n<br \/>Yang\u0131n, saat 16.45 s\u0131ralar\u0131nda Bucak il\u00e7esi \u00c7aml\u0131ca Mahallesi\u2019nde meydana geldi. Edinilen bilgilere g\u00f6re, Bucak Organize Sanayi B\u00f6lgesi\u2019nde faaliyet g\u00f6steren \u00dcnerler Kereste adl\u0131 i\u015fletmede, kaynak makinesinden \u00e7\u0131kt\u0131\u011f\u0131 \u00f6\u011frenilen yang\u0131n k\u0131sa s\u00fcrede b\u00fcy\u00fcd\u00fc. Alevleri fark eden \u00e7al\u0131\u015fanlar\u0131n 112 Acil \u00c7a\u011fr\u0131 Merkezine ihbar\u0131 \u00fczerine b\u00f6lgeye \u00e7ok say\u0131da itfaiye, polis ve sa\u011fl\u0131k ekipleri sevk edildi.<br \/>\n<br \/>Olay yerine gelen itfaiye ekiplerinin yakla\u015f\u0131k 2 saat s\u00fcren m\u00fcdahalesi sonucu alevler kontrol alt\u0131na al\u0131n\u0131rken, yang\u0131n sonucu fabrika kullan\u0131lamaz hale geldi. Yang\u0131n an\u0131nda fabrika kenar\u0131nda bulunan hayvanlar vatanda\u015flar taraf\u0131ndan kurtar\u0131ld\u0131.<br \/>\n<br \/>Olayla ilgili inceleme ba\u015flat\u0131ld\u0131.<br \/><\/p>\n","protected":false},"excerpt":{"rendered":"<p>Burdur\u2019un Bucak il\u00e7esinde kereste fabrikas\u0131nda \u00e7\u0131kan yang\u0131nda i\u015fletme k\u00fcle d\u00f6nd\u00fc. Yang\u0131n, saat 16.45 s\u0131ralar\u0131nda Bucak il\u00e7esi \u00c7aml\u0131ca Mahallesi\u2019nde meydana geldi. Edinilen bilgilere g\u00f6re, Bucak Organize Sanayi B\u00f6lgesi\u2019nde faaliyet g\u00f6steren \u00dcnerler Kereste adl\u0131 i\u015fletmede, kaynak makinesinden \u00e7\u0131kt\u0131\u011f\u0131 \u00f6\u011frenilen yang\u0131n k\u0131sa s\u00fcrede b\u00fcy\u00fcd\u00fc. Alevleri fark eden \u00e7al\u0131\u015fanlar\u0131n 112 Acil \u00c7a\u011fr\u0131 Merkezine ihbar\u0131 \u00fczerine b\u00f6lgeye \u00e7ok say\u0131da itfaiye,&#8230;<\/p>\n","protected":false},"author":1,"featured_media":25317,"comment_status":"open","ping_status":"open","sticky":false,"template":"","format":"standard","meta":{"_crdt_document":"","footnotes":""},"categories":[5],"tags":[],"class_list":["post-25316","post","type-post","status-publish","format-standard","has-post-thumbnail","hentry","category-asayis"],"_links":{"self":[{"href":"https:\/\/www.egemtv.com\/index.php?rest_route=\/wp\/v2\/posts\/25316","targetHints":{"allow":["GET"]}}],"collection":[{"href":"https:\/\/www.egemtv.com\/index.php?rest_route=\/wp\/v2\/posts"}],"about":[{"href":"https:\/\/www.egemtv.com\/index.php?rest_route=\/wp\/v2\/types\/post"}],"author":[{"embeddable":true,"href":"https:\/\/www.egemtv.com\/index.php?rest_route=\/wp\/v2\/users\/1"}],"replies":[{"embeddable":true,"href":"https:\/\/www.egemtv.com\/index.php?rest_route=%2Fwp%2Fv2%2Fcomments&post=25316"}],"version-history":[{"count":1,"href":"https:\/\/www.egemtv.com\/index.php?rest_route=\/wp\/v2\/posts\/25316\/revisions"}],"predecessor-version":[{"id":25318,"href":"https:\/\/www.egemtv.com\/index.php?rest_route=\/wp\/v2\/posts\/25316\/revisions\/25318"}],"wp:featuredmedia":[{"embeddable":true,"href":"https:\/\/www.egemtv.com\/index.php?rest_route=\/wp\/v2\/media\/25317"}],"wp:attachment":[{"href":"https:\/\/www.egemtv.com\/index.php?rest_route=%2Fwp%2Fv2%2Fmedia&parent=25316"}],"wp:term":[{"taxonomy":"category","embeddable":true,"href":"https:\/\/www.egemtv.com\/index.php?rest_route=%2Fwp%2Fv2%2Fcategories&post=25316"},{"taxonomy":"post_tag","embeddable":true,"href":"https:\/\/www.egemtv.com\/index.php?rest_route=%2Fwp%2Fv2%2Ftags&post=25316"}],"curies":[{"name":"wp","href":"https:\/\/api.w.org\/{rel}","templated":true}]}}