{"id":25313,"date":"2025-03-19T20:24:25","date_gmt":"2025-03-19T17:24:25","guid":{"rendered":"https:\/\/www.egemtv.com\/?p=25313"},"modified":"2025-03-19T20:24:29","modified_gmt":"2025-03-19T17:24:29","slug":"cati-onarirken-siddetli-ruzgarin-savurdugu-baba-ve-oglu-hayatini-kaybetti","status":"publish","type":"post","link":"https:\/\/www.egemtv.com\/?p=25313","title":{"rendered":"\u00c7at\u0131 onar\u0131rken \u015fiddetli r\u00fczgar\u0131n savurdu\u011fu baba ve o\u011flu hayat\u0131n\u0131 kaybetti"},"content":{"rendered":"<p>\u0130zmir\u2019in \u00c7i\u011fli il\u00e7esinde bir evin \u00e7at\u0131s\u0131n\u0131 tamir eden baba ve o\u011flu, \u015fiddetli r\u00fczgar\u0131n savurmas\u0131yla a\u015fa\u011f\u0131 d\u00fc\u015ft\u00fc. A\u011f\u0131r yaral\u0131 olarak hastaneye kald\u0131r\u0131lan baba-o\u011ful kurtar\u0131lamayarak hayat\u0131n\u0131 kaybetti.<br \/>\n<br \/>Olay, saat 17.00 s\u0131ralar\u0131nda G\u00fczeltepe Mahallesi 8422 Sokak\u2019ta bulunan iki katl\u0131 bir evde meydana geldi. Edinilen bilgiye g\u00f6re, \u00e7at\u0131 tamirat i\u015fi yapan Muharrem Bar\u0131\u015f\u0131k (43) ve o\u011flu Eren Bar\u0131\u015f\u0131k (17), tamir i\u00e7in \u00fc\u00e7 katl\u0131 bir evin \u00e7at\u0131s\u0131na \u00e7\u0131kt\u0131. Bu esnada etkili olan \u015fiddetli r\u00fczgar\u0131n savurdu\u011fu baba ve o\u011flu, yakla\u015f\u0131k 10 metre y\u00fckseklikten a\u015fa\u011f\u0131 d\u00fc\u015ft\u00fc. \u00c7evredekilerin ihbar\u0131 \u00fczerine olay yerine polis ve sa\u011fl\u0131k ekipleri sevk edildi. Sa\u011fl\u0131k ekipleri taraf\u0131ndan yap\u0131lan incelemede baba Muharrem Bar\u0131\u015f\u0131k\u2019\u0131n olay yerinde hayat\u0131n\u0131 kaybetti\u011fi belirlendi. A\u011f\u0131r yaral\u0131 olarak ambulansla \u00c7i\u011fli E\u011fitim ve Ara\u015ft\u0131rma Hastanesine kald\u0131r\u0131lan Eren Bar\u0131\u015f\u0131k da yap\u0131lan t\u00fcm m\u00fcdahalelere ra\u011fmen hayat\u0131n\u0131 kaybetti. Baba o\u011fulun cenazeleri, yap\u0131lan incelemenin ard\u0131ndan \u0130zmir Adli T\u0131p Kurumu morguna kald\u0131r\u0131ld\u0131.<br \/>\n<br \/>Olayla ilgili geni\u015f \u00e7apl\u0131 inceleme ba\u015flat\u0131ld\u0131.<br \/><\/p>\n","protected":false},"excerpt":{"rendered":"<p>\u0130zmir\u2019in \u00c7i\u011fli il\u00e7esinde bir evin \u00e7at\u0131s\u0131n\u0131 tamir eden baba ve o\u011flu, \u015fiddetli r\u00fczgar\u0131n savurmas\u0131yla a\u015fa\u011f\u0131 d\u00fc\u015ft\u00fc. A\u011f\u0131r yaral\u0131 olarak hastaneye kald\u0131r\u0131lan baba-o\u011ful kurtar\u0131lamayarak hayat\u0131n\u0131 kaybetti. Olay, saat 17.00 s\u0131ralar\u0131nda G\u00fczeltepe Mahallesi 8422 Sokak\u2019ta bulunan iki katl\u0131 bir evde meydana geldi. Edinilen bilgiye g\u00f6re, \u00e7at\u0131 tamirat i\u015fi yapan Muharrem Bar\u0131\u015f\u0131k (43) ve o\u011flu Eren Bar\u0131\u015f\u0131k (17),&#8230;<\/p>\n","protected":false},"author":1,"featured_media":25314,"comment_status":"open","ping_status":"open","sticky":false,"template":"","format":"standard","meta":{"_crdt_document":"","footnotes":""},"categories":[5],"tags":[],"class_list":["post-25313","post","type-post","status-publish","format-standard","has-post-thumbnail","hentry","category-asayis"],"_links":{"self":[{"href":"https:\/\/www.egemtv.com\/index.php?rest_route=\/wp\/v2\/posts\/25313","targetHints":{"allow":["GET"]}}],"collection":[{"href":"https:\/\/www.egemtv.com\/index.php?rest_route=\/wp\/v2\/posts"}],"about":[{"href":"https:\/\/www.egemtv.com\/index.php?rest_route=\/wp\/v2\/types\/post"}],"author":[{"embeddable":true,"href":"https:\/\/www.egemtv.com\/index.php?rest_route=\/wp\/v2\/users\/1"}],"replies":[{"embeddable":true,"href":"https:\/\/www.egemtv.com\/index.php?rest_route=%2Fwp%2Fv2%2Fcomments&post=25313"}],"version-history":[{"count":1,"href":"https:\/\/www.egemtv.com\/index.php?rest_route=\/wp\/v2\/posts\/25313\/revisions"}],"predecessor-version":[{"id":25315,"href":"https:\/\/www.egemtv.com\/index.php?rest_route=\/wp\/v2\/posts\/25313\/revisions\/25315"}],"wp:featuredmedia":[{"embeddable":true,"href":"https:\/\/www.egemtv.com\/index.php?rest_route=\/wp\/v2\/media\/25314"}],"wp:attachment":[{"href":"https:\/\/www.egemtv.com\/index.php?rest_route=%2Fwp%2Fv2%2Fmedia&parent=25313"}],"wp:term":[{"taxonomy":"category","embeddable":true,"href":"https:\/\/www.egemtv.com\/index.php?rest_route=%2Fwp%2Fv2%2Fcategories&post=25313"},{"taxonomy":"post_tag","embeddable":true,"href":"https:\/\/www.egemtv.com\/index.php?rest_route=%2Fwp%2Fv2%2Ftags&post=25313"}],"curies":[{"name":"wp","href":"https:\/\/api.w.org\/{rel}","templated":true}]}}