{"id":25307,"date":"2025-03-19T19:22:19","date_gmt":"2025-03-19T16:22:19","guid":{"rendered":"https:\/\/www.egemtv.com\/?p=25307"},"modified":"2025-03-19T19:22:23","modified_gmt":"2025-03-19T16:22:23","slug":"sanatci-tanyeli-bodrumda-son-yolculuguna-ugurlandi","status":"publish","type":"post","link":"https:\/\/www.egemtv.com\/?p=25307","title":{"rendered":"Sanat\u00e7\u0131 Tanyeli Bodrum\u2019da son yolculu\u011funa u\u011furland\u0131"},"content":{"rendered":"<p>Pankreas kanseri nedeniyle tedavi g\u00f6rd\u00fc\u011f\u00fc hastanede hayat\u0131n\u0131 kaybeden 54 ya\u015f\u0131ndaki sanat\u00e7\u0131 Tanyeli \u00d6zruh S\u00fcnneli, Mu\u011fla\u2019n\u0131n Bodrum il\u00e7esinde son yolculu\u011funa u\u011furland\u0131. Cenaze namaz\u0131n\u0131 vasiyeti \u00fczerine Tepecik Camii \u0130mam\u0131 Y\u00fcksel K\u0131l\u0131n\u00e7arslan k\u0131ld\u0131rd\u0131.<br \/>\n<br \/>Sanat\u00e7\u0131 Tanyeli \u00d6zruh S\u00fcnneli, 2 bu\u00e7uk y\u0131ld\u0131r m\u00fccadele etti\u011fi pankreas kanseri nedeniyle 17 Mart Sal\u0131 g\u00fcn\u00fc, tedavi g\u00f6rd\u00fc\u011f\u00fc hastanede hayat\u0131n\u0131 kaybetmi\u015fti. Sanat\u00e7\u0131 i\u00e7in \u0130stanbul Zincirlikuyu Camii\u2019nde d\u00fcn \u00f6\u011fle namaz\u0131na m\u00fcteakip cenaze namaz\u0131 k\u0131l\u0131nd\u0131. \u0130stanbul\u2019daki t\u00f6renin ard\u0131ndan Tanyeli\u2019nin cenazesi karayoluyla Bodrum\u2019a getirildi.<br \/>\n<br \/>Ortakent Kerem Ayd\u0131nlar Camii\u2019nde d\u00fczenlenen cenaze t\u00f6renine e\u015fi \u0130lker S\u00fcnneli, o\u011flu Taylan Sad\u0131ko\u011flu ile yak\u0131nlar\u0131n\u0131n yan\u0131 s\u0131ra sanat\u00e7\u0131 dostlar\u0131 ve sevenleri kat\u0131ld\u0131. T\u00f6rende bas\u0131n mensuplar\u0131na a\u00e7\u0131klama yapan \u00fcnl\u00fc sanat\u00e7\u0131 I\u015f\u0131n Karaca, \u015funlar\u0131 dile getirdi:<br \/>\n<br \/>&#8220;Hayat\u0131mda tan\u0131d\u0131\u011f\u0131m ya\u015fama en ba\u011fl\u0131, dostlu\u011fu dostluk ve en fazla kavga etti\u011fim insanlardan biriydi. Kaliteli kavgalar\u0131m\u0131z olmu\u015ftu. \u0130nsan bu m\u00fccadelenin kar\u015f\u0131s\u0131nda ne diyece\u011fini bilemiyor. Geldi\u011finiz i\u00e7in te\u015fekk\u00fcr ederiz.&#8221;<\/p>\n<p>&#8220;Beni e\u015fimle tan\u0131\u015ft\u0131ran da oydu&#8221;<br \/>\n<br \/>Sanat\u00e7\u0131 arkada\u015flar\u0131ndan Seray Sever ise, &#8220;T\u00fcm T\u00fcrkiye\u2019nin ba\u015f\u0131 sa\u011f olsun. \u00c7ok \u00f6zel bir insand\u0131. Bana \u2018cennet g\u00f6zl\u00fcm\u2019 diyordu. Beni e\u015fimle tan\u0131\u015ft\u0131ran da oydu. Herkese bir dokunmu\u015flu\u011fu var. Herkesin k\u00f6t\u00fc an\u0131nda yan\u0131ndayd\u0131. Vefatlar \u00fcst \u00fcste geldi&#8221; dedi.<\/p>\n<p>&#8220;Tepecik Camii a\u015f\u0131\u011f\u0131 bir cemaatim idi&#8221;<br \/>\n<br \/>Cenaze namaz\u0131n\u0131 Tanyeli\u2019nin vasiyeti \u00fczerine Tepecik Camii \u0130mam\u0131 Y\u00fcksel K\u0131l\u0131n\u00e7arslan k\u0131ld\u0131rd\u0131. K\u0131l\u0131n\u00e7arslan, &#8220;Sanat\u00e7\u0131m\u0131z\u0131 hepiniz tan\u0131yorsunuz. Sizin tan\u0131mad\u0131\u011f\u0131n\u0131z y\u00f6n\u00fcn\u00fc ben tan\u0131tmak isterim. Sanat\u00e7\u0131m\u0131z Bodrum a\u015f\u0131\u011f\u0131 ve Tepecik Camii a\u015f\u0131\u011f\u0131 bir cemaatim idi. Bodrum\u2019a her geli\u015finde mutlaka Tepecik Camii\u2019ne gelir, camimizde namaz k\u0131lard\u0131. Kendisini yakinen tan\u0131r\u0131m. Dostlar\u0131 dedi ki \u2018hocam sizi \u00e7ok severdi, \u00e7ok yadederdi\u2019. Duas\u0131n\u0131, namaz\u0131n\u0131 k\u0131ld\u0131r\u0131r m\u0131s\u0131n?\u2019 dediler. Hocalar\u0131m da bize l\u00fctfettiler. B\u00f6yle m\u00fcbarek bir g\u00fcnde b\u00f6yle bir insan\u0131 g\u00f6nderece\u011fiz, mekan\u0131 cennet olsun. Biz, kendisinden raz\u0131y\u0131z. Kalbi g\u00fczel, kendi g\u00fczel, g\u00f6nl\u00fc g\u00fczel bir insand\u0131&#8221; dedi.<br \/>\n<br \/>K\u0131l\u0131nan cenaze namaz\u0131n\u0131n ard\u0131ndan Tanyeli \u00d6zruh S\u00fcnneli\u2019nin cenazesi Ortakent Mezarl\u0131\u011f\u0131\u2019na annesinin mezar\u0131n\u0131n yan\u0131na g\u00f6zya\u015flar\u0131 aras\u0131nda defnedildi.<br \/><\/p>\n","protected":false},"excerpt":{"rendered":"<p>Pankreas kanseri nedeniyle tedavi g\u00f6rd\u00fc\u011f\u00fc hastanede hayat\u0131n\u0131 kaybeden 54 ya\u015f\u0131ndaki sanat\u00e7\u0131 Tanyeli \u00d6zruh S\u00fcnneli, Mu\u011fla\u2019n\u0131n Bodrum il\u00e7esinde son yolculu\u011funa u\u011furland\u0131. Cenaze namaz\u0131n\u0131 vasiyeti \u00fczerine Tepecik Camii \u0130mam\u0131 Y\u00fcksel K\u0131l\u0131n\u00e7arslan k\u0131ld\u0131rd\u0131. Sanat\u00e7\u0131 Tanyeli \u00d6zruh S\u00fcnneli, 2 bu\u00e7uk y\u0131ld\u0131r m\u00fccadele etti\u011fi pankreas kanseri nedeniyle 17 Mart Sal\u0131 g\u00fcn\u00fc, tedavi g\u00f6rd\u00fc\u011f\u00fc hastanede hayat\u0131n\u0131 kaybetmi\u015fti. Sanat\u00e7\u0131 i\u00e7in \u0130stanbul Zincirlikuyu&#8230;<\/p>\n","protected":false},"author":1,"featured_media":25308,"comment_status":"open","ping_status":"open","sticky":false,"template":"","format":"standard","meta":{"_crdt_document":"","footnotes":""},"categories":[123],"tags":[],"class_list":["post-25307","post","type-post","status-publish","format-standard","has-post-thumbnail","hentry","category-gundem"],"_links":{"self":[{"href":"https:\/\/www.egemtv.com\/index.php?rest_route=\/wp\/v2\/posts\/25307","targetHints":{"allow":["GET"]}}],"collection":[{"href":"https:\/\/www.egemtv.com\/index.php?rest_route=\/wp\/v2\/posts"}],"about":[{"href":"https:\/\/www.egemtv.com\/index.php?rest_route=\/wp\/v2\/types\/post"}],"author":[{"embeddable":true,"href":"https:\/\/www.egemtv.com\/index.php?rest_route=\/wp\/v2\/users\/1"}],"replies":[{"embeddable":true,"href":"https:\/\/www.egemtv.com\/index.php?rest_route=%2Fwp%2Fv2%2Fcomments&post=25307"}],"version-history":[{"count":1,"href":"https:\/\/www.egemtv.com\/index.php?rest_route=\/wp\/v2\/posts\/25307\/revisions"}],"predecessor-version":[{"id":25309,"href":"https:\/\/www.egemtv.com\/index.php?rest_route=\/wp\/v2\/posts\/25307\/revisions\/25309"}],"wp:featuredmedia":[{"embeddable":true,"href":"https:\/\/www.egemtv.com\/index.php?rest_route=\/wp\/v2\/media\/25308"}],"wp:attachment":[{"href":"https:\/\/www.egemtv.com\/index.php?rest_route=%2Fwp%2Fv2%2Fmedia&parent=25307"}],"wp:term":[{"taxonomy":"category","embeddable":true,"href":"https:\/\/www.egemtv.com\/index.php?rest_route=%2Fwp%2Fv2%2Fcategories&post=25307"},{"taxonomy":"post_tag","embeddable":true,"href":"https:\/\/www.egemtv.com\/index.php?rest_route=%2Fwp%2Fv2%2Ftags&post=25307"}],"curies":[{"name":"wp","href":"https:\/\/api.w.org\/{rel}","templated":true}]}}