{"id":25304,"date":"2025-03-19T19:22:14","date_gmt":"2025-03-19T16:22:14","guid":{"rendered":"https:\/\/www.egemtv.com\/?p=25304"},"modified":"2025-03-19T19:22:18","modified_gmt":"2025-03-19T16:22:18","slug":"aydinda-trafik-kazasi-7-yarali","status":"publish","type":"post","link":"https:\/\/www.egemtv.com\/?p=25304","title":{"rendered":"Ayd\u0131n\u2019da trafik kazas\u0131: 7 yaral\u0131"},"content":{"rendered":"<p>Ayd\u0131n\u2019\u0131n Efeler il\u00e7esinde ticari ara\u00e7 ile otomobilin kar\u0131\u015ft\u0131\u011f\u0131 trafik kazas\u0131nda 7 ki\u015fi yaraland\u0131.<\/p>\n<p>Kaza, Denizli Bulvar\u0131 \u00fczeri E\u015fref Bitlis Kav\u015fa\u011f\u0131\u2019nda saat 18.00 s\u0131ralar\u0131nda meydana geldi. Edinilen bilgiye g\u00f6re 09 FV 338 plakal\u0131 ticari ara\u00e7 ile 46 ABU 339 plakal\u0131 otomobil kav\u015fakta \u00e7arp\u0131\u015ft\u0131. \u00c7arp\u0131\u015fman\u0131n etkisi ile savrulan ara\u00e7larda bulunan toplamda 7 ki\u015fi yaraland\u0131. Kazay\u0131 g\u00f6renler durumu 112 Acil \u00c7a\u011fr\u0131 Merkezi\u2019ne bildirdi. \u0130hbar \u00fczerine b\u00f6lgeye sa\u011fl\u0131k ve polis ekipleri sevk edildi. K\u0131sa s\u00fcrede olay yerine gelen sa\u011fl\u0131k ekipleri yaral\u0131lara ilk m\u00fcdahalelerini yaparak ambulanslarla hastaneye kald\u0131r\u0131rken, polis ekipleri de ikinci bir kaza ya\u015fanmamas\u0131 i\u00e7in \u00f6nlem ald\u0131. Hastanede tedavi alt\u0131na yaral\u0131lar\u0131n sa\u011fl\u0131k durumlar\u0131n\u0131n iyi olduklar\u0131 ve hayati tehlikelerinin bulunmad\u0131\u011f\u0131 \u00f6\u011frenildi. B\u00f6lgedeki trafik yo\u011funlu\u011fu da kazaya kar\u0131\u015fan ara\u00e7lar\u0131n \u00e7ekici marifeti ile olay yerinden kald\u0131r\u0131lmas\u0131 ile normale d\u00f6nd\u00fc.<\/p>\n<p>Kazayla ilgili soru\u015fturma s\u00fcr\u00fcyor.<br \/><\/p>\n","protected":false},"excerpt":{"rendered":"<p>Ayd\u0131n\u2019\u0131n Efeler il\u00e7esinde ticari ara\u00e7 ile otomobilin kar\u0131\u015ft\u0131\u011f\u0131 trafik kazas\u0131nda 7 ki\u015fi yaraland\u0131. Kaza, Denizli Bulvar\u0131 \u00fczeri E\u015fref Bitlis Kav\u015fa\u011f\u0131\u2019nda saat 18.00 s\u0131ralar\u0131nda meydana geldi. Edinilen bilgiye g\u00f6re 09 FV 338 plakal\u0131 ticari ara\u00e7 ile 46 ABU 339 plakal\u0131 otomobil kav\u015fakta \u00e7arp\u0131\u015ft\u0131. \u00c7arp\u0131\u015fman\u0131n etkisi ile savrulan ara\u00e7larda bulunan toplamda 7 ki\u015fi yaraland\u0131. Kazay\u0131 g\u00f6renler durumu&#8230;<\/p>\n","protected":false},"author":1,"featured_media":25305,"comment_status":"open","ping_status":"open","sticky":false,"template":"","format":"standard","meta":{"_crdt_document":"","footnotes":""},"categories":[5],"tags":[],"class_list":["post-25304","post","type-post","status-publish","format-standard","has-post-thumbnail","hentry","category-asayis"],"_links":{"self":[{"href":"https:\/\/www.egemtv.com\/index.php?rest_route=\/wp\/v2\/posts\/25304","targetHints":{"allow":["GET"]}}],"collection":[{"href":"https:\/\/www.egemtv.com\/index.php?rest_route=\/wp\/v2\/posts"}],"about":[{"href":"https:\/\/www.egemtv.com\/index.php?rest_route=\/wp\/v2\/types\/post"}],"author":[{"embeddable":true,"href":"https:\/\/www.egemtv.com\/index.php?rest_route=\/wp\/v2\/users\/1"}],"replies":[{"embeddable":true,"href":"https:\/\/www.egemtv.com\/index.php?rest_route=%2Fwp%2Fv2%2Fcomments&post=25304"}],"version-history":[{"count":1,"href":"https:\/\/www.egemtv.com\/index.php?rest_route=\/wp\/v2\/posts\/25304\/revisions"}],"predecessor-version":[{"id":25306,"href":"https:\/\/www.egemtv.com\/index.php?rest_route=\/wp\/v2\/posts\/25304\/revisions\/25306"}],"wp:featuredmedia":[{"embeddable":true,"href":"https:\/\/www.egemtv.com\/index.php?rest_route=\/wp\/v2\/media\/25305"}],"wp:attachment":[{"href":"https:\/\/www.egemtv.com\/index.php?rest_route=%2Fwp%2Fv2%2Fmedia&parent=25304"}],"wp:term":[{"taxonomy":"category","embeddable":true,"href":"https:\/\/www.egemtv.com\/index.php?rest_route=%2Fwp%2Fv2%2Fcategories&post=25304"},{"taxonomy":"post_tag","embeddable":true,"href":"https:\/\/www.egemtv.com\/index.php?rest_route=%2Fwp%2Fv2%2Ftags&post=25304"}],"curies":[{"name":"wp","href":"https:\/\/api.w.org\/{rel}","templated":true}]}}