{"id":25301,"date":"2025-03-19T17:42:14","date_gmt":"2025-03-19T14:42:14","guid":{"rendered":"https:\/\/www.egemtv.com\/?p=25301"},"modified":"2025-03-19T17:42:18","modified_gmt":"2025-03-19T14:42:18","slug":"baskan-kendirlioglu-ilimiz-dogal-afet-kapsamina-alinmalidir","status":"publish","type":"post","link":"https:\/\/www.egemtv.com\/?p=25301","title":{"rendered":"Ba\u015fkan Kendirlio\u011flu: &#8220;\u0130limiz Do\u011fal Afet kapsam\u0131na al\u0131nmal\u0131d\u0131r&#8221;"},"content":{"rendered":"<p>Ya\u015fanan kurakl\u0131k sebebiyle tar\u0131m arazilerinin sadece yar\u0131s\u0131na su verilece\u011fi karar\u0131n\u0131n \u00f6nce suyun kullan\u0131c\u0131lar\u0131 olan \u00fcreticilere bildirilmesi gerekti\u011fini vurgulayan Ayd\u0131n Ziraat Odalar\u0131 Koordinasyon Kurulu Ba\u015fkan\u0131 Mehmet Kendirlio\u011flu; &#8220;M\u00fcmk\u00fcnse ilimiz Do\u011fal Afet kapsam\u0131na al\u0131nmal\u0131d\u0131r ve \u00fcreticilerimizi rahatlatacak tedbirlerin h\u0131zl\u0131ca al\u0131nmas\u0131 gerekmektedir&#8221; dedi.<\/p>\n<p>Ayd\u0131n\u2019da her ge\u00e7en y\u0131l etkisini art\u0131ran tar\u0131msal kurakl\u0131k, 2025 \u00fcretim sezonunda da \u00e7ift\u00e7ileri endi\u015felendirirken, Ayd\u0131n Valili\u011fi koordinesinde al\u0131nan kararla bu y\u0131l \u00c7ift\u00e7i Kay\u0131t Sistemi\u2019ne (\u00c7KS) kay\u0131tl\u0131 tar\u0131m arazilerinin sadece yar\u0131s\u0131na su verilece\u011fi, di\u011fer yar\u0131s\u0131na ise su sa\u011flanamayaca\u011f\u0131 duyuruldu.<\/p>\n<p>Al\u0131nan karar\u0131n ard\u0131ndan a\u00e7\u0131klamalarda bulunan Ayd\u0131n Ziraat Odalar\u0131 Koordinasyon Kurulu Ba\u015fkan\u0131 Mehmet Kendirlio\u011flu, kararlar\u0131n al\u0131nmadan \u00f6nce suyun kullan\u0131c\u0131lar\u0131 olan \u00fcreticilere bildirilmesi gerekti\u011fini d\u00fc\u015f\u00fcnd\u00fcklerini belirterek &#8220;Her ge\u00e7en y\u0131l tar\u0131msal kurakl\u0131\u011f\u0131n \u015fiddetini artt\u0131rarak devam etti\u011fi ilimiz Ayd\u0131n\u2019da yazl\u0131k sulamay\u0131 sa\u011flayan Kemer, \u00c7ine Adnan Menderes, Ad\u0131g\u00fczel barajlar\u0131m\u0131zda maalesef 2024 \u00fcretim sezonundaki suyun yar\u0131s\u0131 kadar su bulundu\u011fu Devlet Su \u0130\u015fleri, Tar\u0131m ve Orman \u0130l M\u00fcd\u00fcrl\u00fc\u011f\u00fc, Tar\u0131m ve Orman \u0130l\u00e7e M\u00fcd\u00fcrleri ve Ziraat Odas\u0131 Ba\u015fkanlar\u0131n\u0131n kat\u0131l\u0131mlar\u0131yla ger\u00e7ekle\u015fen bir dizi toplant\u0131n\u0131n ard\u0131ndan Valilik karar\u0131 ile \u00c7KS\u2019de kay\u0131tl\u0131 arazilerin yar\u0131s\u0131na su verilece\u011fi di\u011fer yar\u0131s\u0131na ise su verilemeyece\u011fi Ayd\u0131n kamuoyuna dolay\u0131s\u0131yla \u00fcreticilerimize duyurulmu\u015ftur. Ayr\u0131ca bu toplant\u0131lara AK Parti Ayd\u0131n milletvekillerimiz de kat\u0131lm\u0131\u015ft\u0131r. DS\u0130 yetkililerine, 2025 y\u0131l\u0131nda uygulanacak olan bu sulama sisteminin saha uygulamas\u0131n\u0131n \u00e7ok zor oldu\u011funu, sorunlarla dolu oldu\u011funu hatta saha da uygulamaya ge\u00e7ildi\u011finde daha b\u00fcy\u00fck sorunlarla kar\u015f\u0131la\u015faca\u011f\u0131m\u0131z\u0131 dile getirdik. Ziraat odalar\u0131n\u0131n k\u0131s\u0131tl\u0131 sulama program\u0131na hakk\u0131nda alternatif sulama suyu hususunda ortak olarak ald\u0131\u011f\u0131 karar\u0131 hem s\u00f6zl\u00fc olarak hem de resmi yaz\u0131 olarak DS\u0130 yetkililerine bildirdik. Bize cevaben yaz\u0131lan yaz\u0131da iste\u011fimizin teknik olarak uygulanmas\u0131n\u0131n m\u00fcmk\u00fcn olmayaca\u011f\u0131n\u0131 bildirdi. Mevcut suyun sulanabilir t\u00fcm tar\u0131m arazilerine yetmeyece\u011fini biliyoruz ancak bu t\u00fcr kararlar\u0131n al\u0131nmadan \u00f6nce bu suyun kullan\u0131c\u0131lar\u0131 olan bizlere bildirilmesi gerekti\u011fini d\u00fc\u015f\u00fcn\u00fcyorum&#8221; dedi.<\/p>\n<p>&#8220;Ayd\u0131n ekonomisine \u00e7ok b\u00fcy\u00fck etkileri olacakt\u0131r&#8221;<br \/>\n<br \/>Y\u00fczde 50\u2019si bo\u015f kalacak olan arazilerin Ayd\u0131n ekonomisine \u00e7ok b\u00fcy\u00fck etkilerinin olaca\u011f\u0131n\u0131 da s\u00f6zlerine ekleyen Kendirlio\u011flu; &#8220;Bu planlaman\u0131n \u0130limizde Eyl\u00fcl, Ekim aylar\u0131nda muhtemel ya\u011f\u0131\u015flara, barajlardaki doluluk oranlar\u0131na g\u00f6re planlanmas\u0131, k\u0131\u015fl\u0131k ekimlerin havzalara g\u00f6re ekim yapt\u0131r\u0131lmas\u0131 gibi bunlar\u0131n hepsinin g\u00f6z \u00f6n\u00fcne al\u0131narak alternatif planlar\u0131n olmas\u0131 g\u00f6z \u00f6n\u00fcne al\u0131narak alternatif planlar\u0131n olmas\u0131 gerekir ki \u00fcreticimiz b\u00fcy\u00fck ekonomik zararlara u\u011framas\u0131n. Y\u00fczde 50 bo\u015f kalan arazilerin \u00fcreticilerimiz ve Ayd\u0131n ekonomisine \u00e7ok b\u00fcy\u00fck etkileri olacakt\u0131r. Girdi maliyetlerinin yan\u0131nda (g\u00fcbre zirai ila\u00e7, akaryak\u0131t, tohum, fide, elektrik, i\u015f\u00e7ilik tar\u0131msal ekipman, faiz) art\u0131 su k\u0131s\u0131tlamas\u0131n\u0131n da olmas\u0131 \u00fcreticimizi kara kara d\u00fc\u015f\u00fcnd\u00fcrmekte, gen\u00e7ler tar\u0131mdan h\u0131zla uzakla\u015fmakta, \u00fcreticilerimizin ya\u015f ortalamas\u0131 60\u2019lara dayanmaktad\u0131r. Bu durumda devletimizin devreye girip baz\u0131 tedbirler almas\u0131 ka\u00e7\u0131n\u0131lmaz olmu\u015ftur. M\u00fcmk\u00fcnse \u0130limiz Do\u011fal Afet kapsam\u0131na al\u0131nmal\u0131d\u0131r. Y\u00fczde 50\u2019si bo\u015f kalan arazilerde olu\u015facak zararlar\u0131n telafi edilmesi, desteklerin artt\u0131r\u0131lmas\u0131 gibi \u00fcreticilerimizi rahatlatacak tedbirlerin h\u0131zl\u0131ca al\u0131nmas\u0131 gerekmektedir. Bu durum hayvanc\u0131l\u0131\u011f\u0131m\u0131z\u0131 da olumsuz etkileyecektir. Ayd\u0131n \u0130limizde yap\u0131lan her t\u00fcrl\u00fc \u00fcretimin dekardaki verim ve kalite kayb\u0131 kayg\u0131 verecek boyutlara ula\u015facakt\u0131r. Tar\u0131msal kurakl\u0131ktan kaynaklanan her t\u00fcrl\u00fc olumsuzluklar sadece \u00fcreticimizi de\u011fil Ayd\u0131n\u2019da ya\u015fayan herkesi derinden etkileyecektir. \u015eu unutulmamal\u0131d\u0131r ki tar\u0131msal kurakl\u0131k g\u0131daya eri\u015febilirli\u011fi olumsuz \u015fekilde etkileyecektir. Ayd\u0131n \u0130limizde al\u0131nmas\u0131 gereken tedbirler aras\u0131nda di\u011fer bir husus, Dalaman \u00c7ay\u0131n\u0131n Kemer Baraj\u0131na ba\u011flanmas\u0131 projesinin h\u0131zland\u0131r\u0131larak devreye sokulmas\u0131, vah\u015fi sulamadan bir an \u00f6nce vazge\u00e7ilerek modern sulama teknolojisine ge\u00e7ilmesi olacakt\u0131r&#8221; \u015feklinde konu\u015ftu.<br \/><\/p>\n","protected":false},"excerpt":{"rendered":"<p>Ya\u015fanan kurakl\u0131k sebebiyle tar\u0131m arazilerinin sadece yar\u0131s\u0131na su verilece\u011fi karar\u0131n\u0131n \u00f6nce suyun kullan\u0131c\u0131lar\u0131 olan \u00fcreticilere bildirilmesi gerekti\u011fini vurgulayan Ayd\u0131n Ziraat Odalar\u0131 Koordinasyon Kurulu Ba\u015fkan\u0131 Mehmet Kendirlio\u011flu; &#8220;M\u00fcmk\u00fcnse ilimiz Do\u011fal Afet kapsam\u0131na al\u0131nmal\u0131d\u0131r ve \u00fcreticilerimizi rahatlatacak tedbirlerin h\u0131zl\u0131ca al\u0131nmas\u0131 gerekmektedir&#8221; dedi. Ayd\u0131n\u2019da her ge\u00e7en y\u0131l etkisini art\u0131ran tar\u0131msal kurakl\u0131k, 2025 \u00fcretim sezonunda da \u00e7ift\u00e7ileri endi\u015felendirirken, Ayd\u0131n&#8230;<\/p>\n","protected":false},"author":1,"featured_media":25302,"comment_status":"open","ping_status":"open","sticky":false,"template":"","format":"standard","meta":{"_crdt_document":"","footnotes":""},"categories":[1],"tags":[],"class_list":["post-25301","post","type-post","status-publish","format-standard","has-post-thumbnail","hentry","category-guncel"],"_links":{"self":[{"href":"https:\/\/www.egemtv.com\/index.php?rest_route=\/wp\/v2\/posts\/25301","targetHints":{"allow":["GET"]}}],"collection":[{"href":"https:\/\/www.egemtv.com\/index.php?rest_route=\/wp\/v2\/posts"}],"about":[{"href":"https:\/\/www.egemtv.com\/index.php?rest_route=\/wp\/v2\/types\/post"}],"author":[{"embeddable":true,"href":"https:\/\/www.egemtv.com\/index.php?rest_route=\/wp\/v2\/users\/1"}],"replies":[{"embeddable":true,"href":"https:\/\/www.egemtv.com\/index.php?rest_route=%2Fwp%2Fv2%2Fcomments&post=25301"}],"version-history":[{"count":1,"href":"https:\/\/www.egemtv.com\/index.php?rest_route=\/wp\/v2\/posts\/25301\/revisions"}],"predecessor-version":[{"id":25303,"href":"https:\/\/www.egemtv.com\/index.php?rest_route=\/wp\/v2\/posts\/25301\/revisions\/25303"}],"wp:featuredmedia":[{"embeddable":true,"href":"https:\/\/www.egemtv.com\/index.php?rest_route=\/wp\/v2\/media\/25302"}],"wp:attachment":[{"href":"https:\/\/www.egemtv.com\/index.php?rest_route=%2Fwp%2Fv2%2Fmedia&parent=25301"}],"wp:term":[{"taxonomy":"category","embeddable":true,"href":"https:\/\/www.egemtv.com\/index.php?rest_route=%2Fwp%2Fv2%2Fcategories&post=25301"},{"taxonomy":"post_tag","embeddable":true,"href":"https:\/\/www.egemtv.com\/index.php?rest_route=%2Fwp%2Fv2%2Ftags&post=25301"}],"curies":[{"name":"wp","href":"https:\/\/api.w.org\/{rel}","templated":true}]}}