{"id":25298,"date":"2025-03-19T17:42:09","date_gmt":"2025-03-19T14:42:09","guid":{"rendered":"https:\/\/www.egemtv.com\/?p=25298"},"modified":"2025-03-19T17:42:14","modified_gmt":"2025-03-19T14:42:14","slug":"burdurda-kereste-fabrikasinda-yangin","status":"publish","type":"post","link":"https:\/\/www.egemtv.com\/?p=25298","title":{"rendered":"Burdur\u2019da kereste fabrikas\u0131nda yang\u0131n"},"content":{"rendered":"<p>Burdur\u2019un Bucak il\u00e7esinde faaliyet g\u00f6steren bir kereste fabrikas\u0131nda yang\u0131n \u00e7\u0131kt\u0131. B\u00f6lgeye \u00e7ok say\u0131da itfaiye ekibi sevk edildi.<br \/>\n<br \/>Burdur\u2019un Bucak il\u00e7esi \u00c7aml\u0131ca Mahallesi Organize Sanayi B\u00f6lgesi i\u00e7erisinde bulunan bir kereste fabrikas\u0131nda saat 16.45 s\u0131ralar\u0131nda alevler y\u00fckselmeye ba\u015flad\u0131. Yang\u0131n sonras\u0131 b\u00f6lgeye \u00e7ok say\u0131da itfaiye ve polis ekibi sevk edildi. B\u00f6lgeye gelen itfaiye ekiplerinin alevlere m\u00fcdahalesi s\u00fcr\u00fcyor.<br \/><\/p>\n","protected":false},"excerpt":{"rendered":"<p>Burdur\u2019un Bucak il\u00e7esinde faaliyet g\u00f6steren bir kereste fabrikas\u0131nda yang\u0131n \u00e7\u0131kt\u0131. B\u00f6lgeye \u00e7ok say\u0131da itfaiye ekibi sevk edildi. Burdur\u2019un Bucak il\u00e7esi \u00c7aml\u0131ca Mahallesi Organize Sanayi B\u00f6lgesi i\u00e7erisinde bulunan bir kereste fabrikas\u0131nda saat 16.45 s\u0131ralar\u0131nda alevler y\u00fckselmeye ba\u015flad\u0131. Yang\u0131n sonras\u0131 b\u00f6lgeye \u00e7ok say\u0131da itfaiye ve polis ekibi sevk edildi. B\u00f6lgeye gelen itfaiye ekiplerinin alevlere m\u00fcdahalesi s\u00fcr\u00fcyor.<\/p>\n","protected":false},"author":1,"featured_media":25299,"comment_status":"open","ping_status":"open","sticky":false,"template":"","format":"standard","meta":{"_crdt_document":"","footnotes":""},"categories":[5],"tags":[],"class_list":["post-25298","post","type-post","status-publish","format-standard","has-post-thumbnail","hentry","category-asayis"],"_links":{"self":[{"href":"https:\/\/www.egemtv.com\/index.php?rest_route=\/wp\/v2\/posts\/25298","targetHints":{"allow":["GET"]}}],"collection":[{"href":"https:\/\/www.egemtv.com\/index.php?rest_route=\/wp\/v2\/posts"}],"about":[{"href":"https:\/\/www.egemtv.com\/index.php?rest_route=\/wp\/v2\/types\/post"}],"author":[{"embeddable":true,"href":"https:\/\/www.egemtv.com\/index.php?rest_route=\/wp\/v2\/users\/1"}],"replies":[{"embeddable":true,"href":"https:\/\/www.egemtv.com\/index.php?rest_route=%2Fwp%2Fv2%2Fcomments&post=25298"}],"version-history":[{"count":1,"href":"https:\/\/www.egemtv.com\/index.php?rest_route=\/wp\/v2\/posts\/25298\/revisions"}],"predecessor-version":[{"id":25300,"href":"https:\/\/www.egemtv.com\/index.php?rest_route=\/wp\/v2\/posts\/25298\/revisions\/25300"}],"wp:featuredmedia":[{"embeddable":true,"href":"https:\/\/www.egemtv.com\/index.php?rest_route=\/wp\/v2\/media\/25299"}],"wp:attachment":[{"href":"https:\/\/www.egemtv.com\/index.php?rest_route=%2Fwp%2Fv2%2Fmedia&parent=25298"}],"wp:term":[{"taxonomy":"category","embeddable":true,"href":"https:\/\/www.egemtv.com\/index.php?rest_route=%2Fwp%2Fv2%2Fcategories&post=25298"},{"taxonomy":"post_tag","embeddable":true,"href":"https:\/\/www.egemtv.com\/index.php?rest_route=%2Fwp%2Fv2%2Ftags&post=25298"}],"curies":[{"name":"wp","href":"https:\/\/api.w.org\/{rel}","templated":true}]}}