{"id":25292,"date":"2025-03-19T17:24:55","date_gmt":"2025-03-19T14:24:55","guid":{"rendered":"https:\/\/www.egemtv.com\/?p=25292"},"modified":"2025-03-19T17:24:59","modified_gmt":"2025-03-19T14:24:59","slug":"ispartada-gul-festivalinin-tarihi-belirlendi","status":"publish","type":"post","link":"https:\/\/www.egemtv.com\/?p=25292","title":{"rendered":"Isparta\u2019da g\u00fcl festivalinin tarihi belirlendi"},"content":{"rendered":"<p>Isparta Uluslararas\u0131 G\u00fcl Festivali, 30 May\u0131s-1 Haziran tarihleri aras\u0131nda ger\u00e7ekle\u015ftirilecek. Isparta Belediye Ba\u015fkan\u0131 \u015e\u00fckr\u00fc Ba\u015fde\u011firmen, festivale ili\u015fkin haz\u0131rl\u0131klar\u0131n devam etti\u011fini belirterek, &#8220;G\u00fcl turizmi, son y\u0131llarda Isparta\u2019m\u0131z i\u00e7in \u00f6nemli bir ekonomik kaynak haline gelmi\u015ftir. Bu y\u0131l da binlerce turistin festivale kat\u0131lmas\u0131n\u0131 bekliyoruz&#8221; dedi.<br \/>\n<br \/>Isparta Uluslararas\u0131 G\u00fcl Festivali, bu y\u0131l 30 May\u0131s-1 Haziran tarihleri aras\u0131nda ger\u00e7ekle\u015ftirilecek. Festival haz\u0131rl\u0131klar\u0131 s\u00fcrerken, g\u00fcl bah\u00e7elerinde hasat yap\u0131lmas\u0131, \u00e7e\u015fitli yar\u0131\u015fmalar, konserler ve etkinlikler d\u00fczenlenmesi planlan\u0131yor. Ayr\u0131ca festivale farkl\u0131 il ve \u00fclkelerden ekipler de davet edilecek.<\/p>\n<p>G\u00fclc\u00fczade \u0130smail Efendi\u2019nin kabri ba\u015f\u0131nda anma t\u00f6reni yap\u0131lacak<br \/>\n<br \/>Festival, g\u00fcl fidan\u0131n\u0131 \u015fehre getiren ve G\u00fclc\u00fc Mahallesi\u2019nde kabri bulunan G\u00fclc\u00fczade \u0130smail Efendi\u2019nin kabri ba\u015f\u0131nda yap\u0131lacak anma t\u00f6reniyle ba\u015flayacak. Kortej y\u00fcr\u00fcy\u00fc\u015f\u00fc, k\u00fclt\u00fcrel, sanatsal ve sportif faaliyetlerin de yer alaca\u011f\u0131 festivalde ak\u015fam saatlerinde ise konserler d\u00fczenlenmesi bekleniyor.<\/p>\n<p>&#8220;\u015eehrimizin k\u00fclt\u00fcrel etkile\u015fimini ve ekonomisini g\u00fc\u00e7lendirmeyi hedefliyoruz&#8221;<br \/>\n<br \/>Isparta Belediye Ba\u015fkan\u0131 \u015e\u00fckr\u00fc Ba\u015fde\u011firmen, festivale ili\u015fkin haz\u0131rl\u0131klar\u0131n devam etti\u011fini belirterek, &#8220;Bu y\u0131l da festivalin dolu dolu ge\u00e7mesi i\u00e7in haz\u0131rl\u0131klar\u0131m\u0131z\u0131 s\u00fcrd\u00fcr\u00fcyoruz. Festival ile g\u00fczellik ve bereketin sembol\u00fc olan g\u00fcl\u00fc \u00f6n plana \u00e7\u0131kararak, \u015fehrimizin k\u00fclt\u00fcrel etkile\u015fimini ve ekonomisini g\u00fc\u00e7lendirmeyi hedefliyoruz&#8221; dedi.<br \/>\n<br \/>Ba\u015fde\u011firmen, &#8220;G\u00fcl turizmi, son y\u0131llarda Isparta\u2019m\u0131z i\u00e7in \u00f6nemli bir ekonomik kaynak haline gelmi\u015ftir. Bu y\u0131l da binlerce turistin festivale kat\u0131lmas\u0131n\u0131 bekliyoruz&#8221; ifadelerini kulland\u0131.<br \/><\/p>\n","protected":false},"excerpt":{"rendered":"<p>Isparta Uluslararas\u0131 G\u00fcl Festivali, 30 May\u0131s-1 Haziran tarihleri aras\u0131nda ger\u00e7ekle\u015ftirilecek. Isparta Belediye Ba\u015fkan\u0131 \u015e\u00fckr\u00fc Ba\u015fde\u011firmen, festivale ili\u015fkin haz\u0131rl\u0131klar\u0131n devam etti\u011fini belirterek, &#8220;G\u00fcl turizmi, son y\u0131llarda Isparta\u2019m\u0131z i\u00e7in \u00f6nemli bir ekonomik kaynak haline gelmi\u015ftir. Bu y\u0131l da binlerce turistin festivale kat\u0131lmas\u0131n\u0131 bekliyoruz&#8221; dedi. Isparta Uluslararas\u0131 G\u00fcl Festivali, bu y\u0131l 30 May\u0131s-1 Haziran tarihleri aras\u0131nda ger\u00e7ekle\u015ftirilecek. Festival&#8230;<\/p>\n","protected":false},"author":1,"featured_media":25293,"comment_status":"open","ping_status":"open","sticky":false,"template":"","format":"standard","meta":{"_crdt_document":"","footnotes":""},"categories":[1],"tags":[],"class_list":["post-25292","post","type-post","status-publish","format-standard","has-post-thumbnail","hentry","category-guncel"],"_links":{"self":[{"href":"https:\/\/www.egemtv.com\/index.php?rest_route=\/wp\/v2\/posts\/25292","targetHints":{"allow":["GET"]}}],"collection":[{"href":"https:\/\/www.egemtv.com\/index.php?rest_route=\/wp\/v2\/posts"}],"about":[{"href":"https:\/\/www.egemtv.com\/index.php?rest_route=\/wp\/v2\/types\/post"}],"author":[{"embeddable":true,"href":"https:\/\/www.egemtv.com\/index.php?rest_route=\/wp\/v2\/users\/1"}],"replies":[{"embeddable":true,"href":"https:\/\/www.egemtv.com\/index.php?rest_route=%2Fwp%2Fv2%2Fcomments&post=25292"}],"version-history":[{"count":1,"href":"https:\/\/www.egemtv.com\/index.php?rest_route=\/wp\/v2\/posts\/25292\/revisions"}],"predecessor-version":[{"id":25294,"href":"https:\/\/www.egemtv.com\/index.php?rest_route=\/wp\/v2\/posts\/25292\/revisions\/25294"}],"wp:featuredmedia":[{"embeddable":true,"href":"https:\/\/www.egemtv.com\/index.php?rest_route=\/wp\/v2\/media\/25293"}],"wp:attachment":[{"href":"https:\/\/www.egemtv.com\/index.php?rest_route=%2Fwp%2Fv2%2Fmedia&parent=25292"}],"wp:term":[{"taxonomy":"category","embeddable":true,"href":"https:\/\/www.egemtv.com\/index.php?rest_route=%2Fwp%2Fv2%2Fcategories&post=25292"},{"taxonomy":"post_tag","embeddable":true,"href":"https:\/\/www.egemtv.com\/index.php?rest_route=%2Fwp%2Fv2%2Ftags&post=25292"}],"curies":[{"name":"wp","href":"https:\/\/api.w.org\/{rel}","templated":true}]}}