{"id":25289,"date":"2025-03-19T17:24:51","date_gmt":"2025-03-19T14:24:51","guid":{"rendered":"https:\/\/www.egemtv.com\/?p=25289"},"modified":"2025-03-19T17:24:55","modified_gmt":"2025-03-19T14:24:55","slug":"kusadasi-hafta-sonu-yazi-hafta-ici-kisi-yasadi","status":"publish","type":"post","link":"https:\/\/www.egemtv.com\/?p=25289","title":{"rendered":"Ku\u015fadas\u0131 hafta sonu yaz\u0131, hafta i\u00e7i k\u0131\u015f\u0131 ya\u015fad\u0131"},"content":{"rendered":"<p>Ayd\u0131n\u2019\u0131n turistik il\u00e7esi Ku\u015fadas\u0131, hafta sonu yazdan kalma g\u00fcnler ya\u015farken, hafta i\u00e7i aniden d\u00fc\u015fen s\u0131cakl\u0131klarla adeta k\u0131\u015fa d\u00f6nd\u00fc.<\/p>\n<p>Hafta sonunda 28 dereceye kadar \u00e7\u0131kan hava s\u0131cakl\u0131\u011f\u0131, yerli ve yabanc\u0131 turistlerin sahillere ak\u0131n etmesine neden oldu. G\u00fcne\u015fli ve s\u0131cak havay\u0131 f\u0131rsat bilen tatilciler, denize girerek yaz\u0131n keyfini s\u00fcrd\u00fc.<\/p>\n<p>Ancak hafta ba\u015f\u0131yla birlikte hava durumu de\u011fi\u015fti. Aniden etkili olan \u015fiddetli r\u00fczgarla birlikte s\u0131cakl\u0131k 10 dereceye kadar d\u00fc\u015ft\u00fc. Hissedilen s\u0131cakl\u0131k ise 7 dereceye kadar geriledi. R\u00fczgar\u0131n saatte 33 kilometreye kadar ula\u015fmas\u0131yla birlikte sahiller bo\u015fald\u0131, g\u00fcne\u015fin yerini gri bulutlar ald\u0131. R\u00fczgarl\u0131 havan\u0131n etkisini s\u00fcrd\u00fcrebilece\u011fini belirtti.<br \/><\/p>\n","protected":false},"excerpt":{"rendered":"<p>Ayd\u0131n\u2019\u0131n turistik il\u00e7esi Ku\u015fadas\u0131, hafta sonu yazdan kalma g\u00fcnler ya\u015farken, hafta i\u00e7i aniden d\u00fc\u015fen s\u0131cakl\u0131klarla adeta k\u0131\u015fa d\u00f6nd\u00fc. Hafta sonunda 28 dereceye kadar \u00e7\u0131kan hava s\u0131cakl\u0131\u011f\u0131, yerli ve yabanc\u0131 turistlerin sahillere ak\u0131n etmesine neden oldu. G\u00fcne\u015fli ve s\u0131cak havay\u0131 f\u0131rsat bilen tatilciler, denize girerek yaz\u0131n keyfini s\u00fcrd\u00fc. Ancak hafta ba\u015f\u0131yla birlikte hava durumu de\u011fi\u015fti. Aniden&#8230;<\/p>\n","protected":false},"author":1,"featured_media":25290,"comment_status":"open","ping_status":"open","sticky":false,"template":"","format":"standard","meta":{"_crdt_document":"","footnotes":""},"categories":[1],"tags":[],"class_list":["post-25289","post","type-post","status-publish","format-standard","has-post-thumbnail","hentry","category-guncel"],"_links":{"self":[{"href":"https:\/\/www.egemtv.com\/index.php?rest_route=\/wp\/v2\/posts\/25289","targetHints":{"allow":["GET"]}}],"collection":[{"href":"https:\/\/www.egemtv.com\/index.php?rest_route=\/wp\/v2\/posts"}],"about":[{"href":"https:\/\/www.egemtv.com\/index.php?rest_route=\/wp\/v2\/types\/post"}],"author":[{"embeddable":true,"href":"https:\/\/www.egemtv.com\/index.php?rest_route=\/wp\/v2\/users\/1"}],"replies":[{"embeddable":true,"href":"https:\/\/www.egemtv.com\/index.php?rest_route=%2Fwp%2Fv2%2Fcomments&post=25289"}],"version-history":[{"count":1,"href":"https:\/\/www.egemtv.com\/index.php?rest_route=\/wp\/v2\/posts\/25289\/revisions"}],"predecessor-version":[{"id":25291,"href":"https:\/\/www.egemtv.com\/index.php?rest_route=\/wp\/v2\/posts\/25289\/revisions\/25291"}],"wp:featuredmedia":[{"embeddable":true,"href":"https:\/\/www.egemtv.com\/index.php?rest_route=\/wp\/v2\/media\/25290"}],"wp:attachment":[{"href":"https:\/\/www.egemtv.com\/index.php?rest_route=%2Fwp%2Fv2%2Fmedia&parent=25289"}],"wp:term":[{"taxonomy":"category","embeddable":true,"href":"https:\/\/www.egemtv.com\/index.php?rest_route=%2Fwp%2Fv2%2Fcategories&post=25289"},{"taxonomy":"post_tag","embeddable":true,"href":"https:\/\/www.egemtv.com\/index.php?rest_route=%2Fwp%2Fv2%2Ftags&post=25289"}],"curies":[{"name":"wp","href":"https:\/\/api.w.org\/{rel}","templated":true}]}}