{"id":25286,"date":"2025-03-19T17:04:18","date_gmt":"2025-03-19T14:04:18","guid":{"rendered":"https:\/\/www.egemtv.com\/?p=25286"},"modified":"2025-03-19T17:04:22","modified_gmt":"2025-03-19T14:04:22","slug":"18-mart-canakkale-sehitleri-anma-gunu-karate-musabakalari-sona-erdi","status":"publish","type":"post","link":"https:\/\/www.egemtv.com\/?p=25286","title":{"rendered":"18 Mart \u00c7anakkale \u015eehitleri Anma G\u00fcn\u00fc karate m\u00fcsabakalar\u0131 sona erdi"},"content":{"rendered":"<p>18 Mart \u00c7anakkale \u015eehitleri Anma G\u00fcn\u00fc etkinlikleri kapsam\u0131nda d\u00fczenlenen okul sporlar\u0131 ve kul\u00fcp karate m\u00fcsabakalar\u0131, Prof. Dr. Veysel Ero\u011flu Spor Salonu\u2019nda tamamland\u0131. M\u00fcsabakalar\u0131n ard\u0131ndan ba\u015far\u0131l\u0131 olan sporculara \u00f6d\u00fclleri takdim edildi.<br \/>\n<br \/>Gen\u00e7lik ve Spor \u0130l M\u00fcd\u00fcr\u00fc \u0130smail Hakk\u0131 Kasapo\u011flu, etkinliklerin \u00f6nemine vurgu yaparak \u015fu a\u00e7\u0131klamalarda bulundu:<br \/>\n<br \/>&#8220;18 Mart, milletimizin ba\u011f\u0131ms\u0131zl\u0131k m\u00fccadelesinde g\u00f6sterdi\u011fi kahramanl\u0131\u011f\u0131n en b\u00fcy\u00fck simgelerinden biridir. Bug\u00fcn burada, \u00c7anakkale ruhunu ya\u015fatmak ad\u0131na sporcu gen\u00e7lerimizle bir araya gelmekten b\u00fcy\u00fck mutluluk duyuyoruz. Karate gibi disiplin gerektiren bir bran\u015fta m\u00fccadele eden sporcular\u0131m\u0131z, ayn\u0131 zamanda milli ve manevi de\u011ferlerimize sahip \u00e7\u0131karak bu bilin\u00e7le yeti\u015fiyor. Bu organizasyonda eme\u011fi ge\u00e7en herkese te\u015fekk\u00fcr ediyorum.&#8221;<br \/>\n<br \/>Kasapo\u011flu, sporun gen\u00e7lerin fiziksel ve zihinsel geli\u015fimine b\u00fcy\u00fck katk\u0131 sa\u011flad\u0131\u011f\u0131n\u0131 vurgulayarak, \u00f6zellikle okul sporlar\u0131 ve kul\u00fcp d\u00fczeyindeki etkinliklere destek vermeye devam edeceklerini belirtti.<br \/><\/p>\n","protected":false},"excerpt":{"rendered":"<p>18 Mart \u00c7anakkale \u015eehitleri Anma G\u00fcn\u00fc etkinlikleri kapsam\u0131nda d\u00fczenlenen okul sporlar\u0131 ve kul\u00fcp karate m\u00fcsabakalar\u0131, Prof. Dr. Veysel Ero\u011flu Spor Salonu\u2019nda tamamland\u0131. M\u00fcsabakalar\u0131n ard\u0131ndan ba\u015far\u0131l\u0131 olan sporculara \u00f6d\u00fclleri takdim edildi. Gen\u00e7lik ve Spor \u0130l M\u00fcd\u00fcr\u00fc \u0130smail Hakk\u0131 Kasapo\u011flu, etkinliklerin \u00f6nemine vurgu yaparak \u015fu a\u00e7\u0131klamalarda bulundu: &#8220;18 Mart, milletimizin ba\u011f\u0131ms\u0131zl\u0131k m\u00fccadelesinde g\u00f6sterdi\u011fi kahramanl\u0131\u011f\u0131n en b\u00fcy\u00fck simgelerinden&#8230;<\/p>\n","protected":false},"author":1,"featured_media":25287,"comment_status":"open","ping_status":"open","sticky":false,"template":"","format":"standard","meta":{"_crdt_document":"","footnotes":""},"categories":[4],"tags":[],"class_list":["post-25286","post","type-post","status-publish","format-standard","has-post-thumbnail","hentry","category-spor"],"_links":{"self":[{"href":"https:\/\/www.egemtv.com\/index.php?rest_route=\/wp\/v2\/posts\/25286","targetHints":{"allow":["GET"]}}],"collection":[{"href":"https:\/\/www.egemtv.com\/index.php?rest_route=\/wp\/v2\/posts"}],"about":[{"href":"https:\/\/www.egemtv.com\/index.php?rest_route=\/wp\/v2\/types\/post"}],"author":[{"embeddable":true,"href":"https:\/\/www.egemtv.com\/index.php?rest_route=\/wp\/v2\/users\/1"}],"replies":[{"embeddable":true,"href":"https:\/\/www.egemtv.com\/index.php?rest_route=%2Fwp%2Fv2%2Fcomments&post=25286"}],"version-history":[{"count":1,"href":"https:\/\/www.egemtv.com\/index.php?rest_route=\/wp\/v2\/posts\/25286\/revisions"}],"predecessor-version":[{"id":25288,"href":"https:\/\/www.egemtv.com\/index.php?rest_route=\/wp\/v2\/posts\/25286\/revisions\/25288"}],"wp:featuredmedia":[{"embeddable":true,"href":"https:\/\/www.egemtv.com\/index.php?rest_route=\/wp\/v2\/media\/25287"}],"wp:attachment":[{"href":"https:\/\/www.egemtv.com\/index.php?rest_route=%2Fwp%2Fv2%2Fmedia&parent=25286"}],"wp:term":[{"taxonomy":"category","embeddable":true,"href":"https:\/\/www.egemtv.com\/index.php?rest_route=%2Fwp%2Fv2%2Fcategories&post=25286"},{"taxonomy":"post_tag","embeddable":true,"href":"https:\/\/www.egemtv.com\/index.php?rest_route=%2Fwp%2Fv2%2Ftags&post=25286"}],"curies":[{"name":"wp","href":"https:\/\/api.w.org\/{rel}","templated":true}]}}