{"id":25283,"date":"2025-03-19T17:04:13","date_gmt":"2025-03-19T14:04:13","guid":{"rendered":"https:\/\/www.egemtv.com\/?p=25283"},"modified":"2025-03-19T17:04:18","modified_gmt":"2025-03-19T14:04:18","slug":"demircide-ciftcilere-yuzde-75i-hibeli-nohut-tohumu-destegi","status":"publish","type":"post","link":"https:\/\/www.egemtv.com\/?p=25283","title":{"rendered":"Demirci\u2019de \u00e7ift\u00e7ilere y\u00fczde 75\u2019i hibeli nohut tohumu deste\u011fi"},"content":{"rendered":"<p>Manisa\u2019n\u0131n Demirci il\u00e7esinde 160 \u00e7ift\u00e7iye Tar\u0131m ve Orman Bakanl\u0131\u011f\u0131nca 10 ton y\u00fczde 75 hibeli nohut tohumu da\u011f\u0131t\u0131ld\u0131.<br \/>\n<br \/>\u0130l\u00e7e Tar\u0131m ve Orman M\u00fcd\u00fcrl\u00fc\u011f\u00fc taraf\u0131ndan tar\u0131msal alanlar\u0131n etkin kullan\u0131m\u0131 projesi kapsam\u0131nda 10 ton nohut tohumu 160 \u00e7ift\u00e7iye da\u011f\u0131t\u0131m\u0131 yap\u0131ld\u0131.<br \/>\n<br \/>Kaymakam Yavuz Arslan, Belediye Ba\u015fkan\u0131 Erkan Kara ve \u0130l\u00e7e Tar\u0131m ve Orman M\u00fcd\u00fcr\u00fc Faruk \u015eenyurt taraf\u0131ndan hak sahibi olan \u00e7ift\u00e7ilere Tar\u0131m \u00dcr\u00fcnleri Merkezinde nohut tohumlar\u0131n\u0131n da\u011f\u0131t\u0131m\u0131n\u0131 yapt\u0131lar.<br \/>\n<br \/>\u00c7ift\u00e7ilerin her zaman yanlar\u0131nda olduklar\u0131n\u0131 ifade eden Belediye Ba\u015fkan\u0131 Erkan Kara, nohut tohumu alan \u00e7ift\u00e7ilere bol ve bereketli bir \u00fcretim sezonu olmas\u0131 temennisinde bulundu.<br \/>\n<br \/>\u0130l\u00e7e Tar\u0131m ve Orman M\u00fcd\u00fcr\u00fc Faruk \u015eenyurt ise, &#8220;Demirci\u2019mizin tar\u0131mda \u00fcretim kapasitesini artt\u0131rmak amac\u0131yla \u00e7ift\u00e7imizi Bakanl\u0131\u011f\u0131m\u0131z\u0131n projeleri ile desteklemeyi s\u00fcrd\u00fcr\u00fcyoruz. 160 \u00e7ift\u00e7imize 10 ton nohut tohumu da\u011f\u0131t\u0131m\u0131 yap\u0131ld\u0131. Da\u011f\u0131t\u0131lan yerli nohut tohumu kurakl\u0131\u011fa dayan\u0131kl\u0131 olmas\u0131 sebebiyle \u00e7ift\u00e7imiz i\u00e7in tercih edildi. Da\u011f\u0131t\u0131lan 10 ton nohut tohumu 9 Bin dekar araziye ekim yap\u0131lacak. \u00d6n\u00fcm\u00fczdeki g\u00fcnlerde \u00e7ift\u00e7ilerimize susam ve ay\u00e7i\u00e7ek tohumu ayr\u0131ca enginar, domates ve biber fidesi da\u011f\u0131t\u0131m\u0131 yapaca\u011f\u0131z.&#8221; dedi.<br \/><\/p>\n","protected":false},"excerpt":{"rendered":"<p>Manisa\u2019n\u0131n Demirci il\u00e7esinde 160 \u00e7ift\u00e7iye Tar\u0131m ve Orman Bakanl\u0131\u011f\u0131nca 10 ton y\u00fczde 75 hibeli nohut tohumu da\u011f\u0131t\u0131ld\u0131. \u0130l\u00e7e Tar\u0131m ve Orman M\u00fcd\u00fcrl\u00fc\u011f\u00fc taraf\u0131ndan tar\u0131msal alanlar\u0131n etkin kullan\u0131m\u0131 projesi kapsam\u0131nda 10 ton nohut tohumu 160 \u00e7ift\u00e7iye da\u011f\u0131t\u0131m\u0131 yap\u0131ld\u0131. Kaymakam Yavuz Arslan, Belediye Ba\u015fkan\u0131 Erkan Kara ve \u0130l\u00e7e Tar\u0131m ve Orman M\u00fcd\u00fcr\u00fc Faruk \u015eenyurt taraf\u0131ndan hak sahibi&#8230;<\/p>\n","protected":false},"author":1,"featured_media":25284,"comment_status":"open","ping_status":"open","sticky":false,"template":"","format":"standard","meta":{"_crdt_document":"","footnotes":""},"categories":[125],"tags":[],"class_list":["post-25283","post","type-post","status-publish","format-standard","has-post-thumbnail","hentry","category-ekonomi"],"_links":{"self":[{"href":"https:\/\/www.egemtv.com\/index.php?rest_route=\/wp\/v2\/posts\/25283","targetHints":{"allow":["GET"]}}],"collection":[{"href":"https:\/\/www.egemtv.com\/index.php?rest_route=\/wp\/v2\/posts"}],"about":[{"href":"https:\/\/www.egemtv.com\/index.php?rest_route=\/wp\/v2\/types\/post"}],"author":[{"embeddable":true,"href":"https:\/\/www.egemtv.com\/index.php?rest_route=\/wp\/v2\/users\/1"}],"replies":[{"embeddable":true,"href":"https:\/\/www.egemtv.com\/index.php?rest_route=%2Fwp%2Fv2%2Fcomments&post=25283"}],"version-history":[{"count":1,"href":"https:\/\/www.egemtv.com\/index.php?rest_route=\/wp\/v2\/posts\/25283\/revisions"}],"predecessor-version":[{"id":25285,"href":"https:\/\/www.egemtv.com\/index.php?rest_route=\/wp\/v2\/posts\/25283\/revisions\/25285"}],"wp:featuredmedia":[{"embeddable":true,"href":"https:\/\/www.egemtv.com\/index.php?rest_route=\/wp\/v2\/media\/25284"}],"wp:attachment":[{"href":"https:\/\/www.egemtv.com\/index.php?rest_route=%2Fwp%2Fv2%2Fmedia&parent=25283"}],"wp:term":[{"taxonomy":"category","embeddable":true,"href":"https:\/\/www.egemtv.com\/index.php?rest_route=%2Fwp%2Fv2%2Fcategories&post=25283"},{"taxonomy":"post_tag","embeddable":true,"href":"https:\/\/www.egemtv.com\/index.php?rest_route=%2Fwp%2Fv2%2Ftags&post=25283"}],"curies":[{"name":"wp","href":"https:\/\/api.w.org\/{rel}","templated":true}]}}