{"id":24995,"date":"2025-03-09T19:48:36","date_gmt":"2025-03-09T16:48:36","guid":{"rendered":"https:\/\/www.egemtv.com\/?p=24995"},"modified":"2025-03-09T19:48:40","modified_gmt":"2025-03-09T16:48:40","slug":"guzelbahcede-kadin-haklari-icin-tersine-yuruyus-duzenlendi","status":"publish","type":"post","link":"https:\/\/www.egemtv.com\/?p=24995","title":{"rendered":"G\u00fczelbah\u00e7e\u2019de kad\u0131n haklar\u0131 i\u00e7in tersine y\u00fcr\u00fcy\u00fc\u015f d\u00fczenlendi"},"content":{"rendered":"<p>\u0130zmir\u2019de G\u00fczelbah\u00e7e Belediyesinin d\u00fczenledi\u011fi 8 Mart D\u00fcnya Emek\u00e7i Kad\u0131nlar G\u00fcn\u00fc program\u0131nda \u2018tersine y\u00fcr\u00fcy\u00fc\u015f\u2019 yapan kad\u0131nlar, kad\u0131n haklar\u0131nda geriye gidi\u015f oldu\u011funu dile getirerek bir protesto y\u00fcr\u00fcy\u00fc\u015f\u00fc d\u00fczenledi.<br \/>\n<br \/>8 Mart D\u00fcnya Kad\u0131nlar G\u00fcn\u00fc kapsam\u0131nda G\u00fczelbah\u00e7e Belediyesi, kad\u0131n haklar\u0131 ve emek m\u00fccadelesinde ad\u0131mlar\u0131n ileriye at\u0131lmad\u0131\u011f\u0131, kad\u0131nlar\u0131n sosyal, ekonomik ve hukuki haklar\u0131n\u0131n zay\u0131flamas\u0131 gerek\u00e7esiyle tersine y\u00fcr\u00fcy\u00fc\u015f ger\u00e7ekle\u015ftirildi. Y\u00fcr\u00fcy\u00fc\u015fe, G\u00fczelbah\u00e7e Belediye Ba\u015fkan\u0131 Mustafa G\u00fcnay ve e\u015fi Nermin G\u00fcnay, CHP G\u00fczelbah\u00e7e \u0130l\u00e7e Ba\u015fkan\u0131 Devrim Seyrek, il\u00e7e y\u00f6netimi ve \u00e7ok say\u0131da kad\u0131n kat\u0131ld\u0131. \u0130lhan Sel\u00e7uk Park\u0131\u2019nda toplanan kad\u0131nlar G\u00fczelbah\u00e7e Gece Pazar\u0131\u2019nda sessiz bir y\u00fcr\u00fcy\u00fc\u015f ba\u015flatarak 1. Liman\u2019a kadar y\u00fcr\u00fcd\u00fc. Y\u00fcr\u00fcy\u00fc\u015f\u00fcn bir k\u0131sm\u0131 kad\u0131nlar\u0131n geri geri y\u00fcr\u00fcmesiyle ba\u015flad\u0131. Erkek kat\u0131l\u0131mc\u0131lar, kad\u0131n haklar\u0131na destek vermek amac\u0131yla d\u00f6viz ta\u015f\u0131y\u0131p, mor bandanalar takt\u0131. Kad\u0131nlar\u0131n \u00e7o\u011funlukta oldu\u011fu kortejde, \u2018kad\u0131n haklar\u0131 geriye gitmeyecek, biz buraday\u0131z\u2019 yaz\u0131l\u0131 mor bayrak ve sloganlar yer ald\u0131. Y\u00fcr\u00fcy\u00fc\u015f\u00fcn ard\u0131ndan konu\u015fma yapan G\u00fczelbah\u00e7e Belediyesi Kad\u0131n ve Aile Hizmetleri M\u00fcd\u00fcr\u00fc Uzman Sosyolog Duygu Y\u0131lmaz, &#8220;Sesimize ses olan, g\u00f6nl\u00fcm\u00fcze su serpen kad\u0131nlar. Bizler, tarihin ak\u0131\u015f\u0131na kar\u015f\u0131 duranlara, dayan\u0131\u015fma i\u00e7inde kazan\u0131lm\u0131\u015f haklar\u0131m\u0131z\u0131 geriye \u00e7ekmek isteyenlere bu ger\u00e7e\u011fi hat\u0131rlatmak i\u00e7in topland\u0131k. Tarihin \u00f6n\u00fcnde t\u00fcm gericiler en \u00e7ok unutulmaya mahkum olanlard\u0131r. \u0130lericiler t\u0131pk\u0131 Mustafa Kemal Atat\u00fcrk gibi tarihe mal olurlar. Bug\u00fcn biz kortejimizle beraber geriye do\u011fru y\u00fcr\u00fcd\u00fck. Cumhuriyetin ilk y\u0131llar\u0131ndan bug\u00fcne kad\u0131nlar, e\u011fitimden siyasete, \u00e7al\u0131\u015fma hayat\u0131ndan hukuk sistemine kadar her alanda b\u00fcy\u00fck bedeller \u00f6deyerek haklar\u0131n\u0131 geni\u015fletti, kazand\u0131. 1934\u2019te kazand\u0131\u011f\u0131m\u0131z se\u00e7me ve se\u00e7ilme hakk\u0131n\u0131, d\u00fcnyada feminist teorinin geli\u015fmesiyle 80\u2019ler de kad\u0131n hareketi ba\u015fta teorik sonras\u0131nda sokaklarda b\u00fcy\u00fctt\u00fc. Bizim i\u00e7in 8 Mart, sadece e\u015fit ve \u00f6zg\u00fcr bir gelece\u011fin iradesi de\u011fil, ayn\u0131 zamanda hak m\u00fccadelesi veren t\u00fcm kad\u0131nlara sayg\u0131 duru\u015fudur&#8221; dedi.<br \/>\n<br \/>&#8220;Kad\u0131n haklar\u0131 ve emek m\u00fccadelesinde her ad\u0131m ileriye at\u0131lmal\u0131d\u0131r&#8221; diyen Y\u0131lmaz, &#8220;Tersine yapt\u0131\u011f\u0131m\u0131z y\u00fcr\u00fcy\u00fc\u015f asl\u0131nda suyun ak\u0131\u015f y\u00f6n\u00fcne inad\u0131m\u0131z\u0131 ortaya koymak i\u00e7indi. Eme\u011fi b\u00fcy\u00fcten kad\u0131nlar ola\u011fan olmayan bu \u015fartlarda bile kararl\u0131l\u0131kla istikametimizden bir milim bile sapmadan yolumuzdan vazge\u00e7meyece\u011fiz. Tersine de olsa y\u00fcr\u00fcy\u00fc\u015f\u00fcm\u00fcz, \u2018hep ileri\u2019 olacak y\u00f6n\u00fcm\u00fcz.  Kad\u0131nlar tarih boyunca t\u00fcm toplumsal m\u00fccadelelerin en \u00f6n saflar\u0131nda yer ald\u0131. Sahip oldu\u011fumuz her hakta, edindi\u011fimiz her kazan\u0131mda o cesur kad\u0131nlar\u0131n pay\u0131 var. Bundan 168 y\u0131l \u00f6nce, Amerika Birle\u015fik Devletleri\u2019nde \u00e7al\u0131\u015fan 40 bin dokuma i\u015f\u00e7isi kad\u0131n, kendilerine dayat\u0131lan ayr\u0131mc\u0131l\u0131\u011f\u0131 reddetti. Binlerce i\u015f\u00e7i kad\u0131n, \u00e7al\u0131\u015fma \u015fartlar\u0131n\u0131n iyile\u015ftirilmesi ve e\u015fit i\u015fe e\u015fit \u00fccret talebi ile grev yapt\u0131. Fabrika kap\u0131lar\u0131 \u00fczerlerine kilitlendi. O s\u0131rada \u00e7\u0131kan yang\u0131nda, kap\u0131 \u00f6n\u00fcne y\u0131\u011f\u0131lan barikatlar\u0131 a\u015famayan kad\u0131nlardan 129\u2019u yanarak hayat\u0131n\u0131 kaybetti&#8221; diye konu\u015ftu.<\/p>\n<p>&#8220;Her kad\u0131n emek\u00e7idir&#8221;<br \/>\n<br \/>Kad\u0131nlar\u0131n sesinin her yerde daha g\u00fcr \u00e7\u0131kt\u0131\u011f\u0131n\u0131 ifade eden Y\u0131lmaz, &#8220;Daha da g\u00fc\u00e7l\u00fc \u00e7\u0131kacak sesimiz; susma hayk\u0131r, kad\u0131nlar ba\u015fkald\u0131r\u0131r. 8 Mart\u2019\u0131 kutlayanlara \u015fiddet uygulan\u0131yor, cezalar ya\u011f\u0131yor. Kad\u0131na y\u00f6nelik \u015fiddeti protesto etmek i\u00e7in dans eden kad\u0131nlara dava a\u00e7\u0131l\u0131yor. Kad\u0131nlara \u015fiddet uygulayanlar, elini kolunu sallayarak sokaklarda dolan\u0131yor. Kad\u0131nlar, sald\u0131rganlar\u0131yla karakollarda bar\u0131\u015ft\u0131r\u0131p evlerine yollan\u0131yor. \u015eiddet kader de\u011fildir, kederdir. \u0130stihdamda tutunabilen kad\u0131nlar\u0131n \u00e7o\u011fu, d\u00fc\u015f\u00fck \u00fccretle, sendikas\u0131zl\u0131kla, i\u015fini kaybetme korkusuyla, uzun \u00e7al\u0131\u015fma s\u00fcreleriyle, mobbingle ba\u015f etmeye ve evine ekmek g\u00f6t\u00fcrmeye \u00e7al\u0131\u015f\u0131yor. Kad\u0131n\u0131n eme\u011fini yok sayanlara hayk\u0131r\u0131yoruz, her kad\u0131n emek\u00e7idir. Kendisinin, \u00e7ocuklar\u0131n\u0131n, ailesinin ve toplumun gelece\u011fi i\u00e7in insanca ya\u015fam kavgas\u0131 verir&#8221; \u015feklinde konu\u015ftu.<\/p>\n<p>\u2018\u0130stanbul S\u00f6zle\u015fmesinden vaz ge\u00e7meyece\u011fiz\u2019<br \/>\n<br \/>As\u0131l meselenin kad\u0131nlar\u0131n ev ve ya\u015fam dengesini kurabilece\u011fi, ekonomik ba\u011f\u0131ms\u0131zl\u0131\u011f\u0131n\u0131 kaybetmeden \u00e7ocuk sahibi olabilece\u011fi bir sistemin kurulmas\u0131 oldu\u011funa de\u011finen Y\u0131lmaz, &#8220;Kad\u0131n haklar\u0131n\u0131 savunmak bir\u00e7o\u011fumuzun g\u00f6revi oldu. Ne zaman sesimizi y\u00fckseltsek, \u2018Erkek d\u00fc\u015fman\u0131 m\u0131s\u0131n\u0131z siz?\u2019 diyenlerle kar\u015f\u0131la\u015f\u0131r olduk. \u0130stanbul S\u00f6zle\u015fmesinden vazge\u00e7meyen biz kad\u0131nlar, 6284 say\u0131l\u0131 kanuna da sahip \u00e7\u0131k\u0131yoruz. Biz kad\u0131nlar olarak, kavgan\u0131n da taleplerin de gelece\u011fin ayd\u0131nl\u0131k g\u00fcnlerini bar\u0131nd\u0131ran umudun da y\u0131lmaz savunucular\u0131y\u0131z. Bizler, hakl\u0131 m\u00fccadelemizi \u00f6rg\u00fctleyerek tarihe y\u00f6n verenler olaca\u011f\u0131z&#8221; ifadelerine yer verdi.<\/p>\n<p>&#8220;8 Mart bir anmad\u0131r, bir ba\u015fkald\u0131r\u0131d\u0131r&#8221;<br \/>\n<br \/>Kad\u0131nlar\u0131n e\u015fitlik, \u00f6zg\u00fcrl\u00fck ve emek m\u00fccadelesinin simgesi olan 8 Mart D\u00fcnya Emek\u00e7i Kad\u0131nlar G\u00fcn\u00fc\u2019n\u00fc kutlayan G\u00fczelbah\u00e7e Belediye Ba\u015fkan\u0131 Mustafa G\u00fcnay, &#8220;Kad\u0131nlar, toplumumuzun temel ta\u015f\u0131, eme\u011fin ve \u00fcretimin en \u00f6nemli unsurlar\u0131d\u0131r. Onlar\u0131n hak etti\u011fi de\u011feri g\u00f6rmesi, e\u015fit \u015fartlarda ya\u015fam s\u00fcrmesi ve \u015fiddetten uzak, g\u00fcvenli bir hayat s\u00fcrebilmesi hepimizin ortak sorumlulu\u011fudur. G\u00fczelbah\u00e7e Belediyesi olarak kad\u0131nlar\u0131n toplumsal ve ekonomik ya\u015famda daha g\u00fc\u00e7l\u00fc yer almas\u0131 i\u00e7in \u00e7al\u0131\u015fmalar\u0131m\u0131z\u0131 s\u00fcrd\u00fcr\u00fcyoruz. Kad\u0131n eme\u011fini destekleyen projelerimizle onlar\u0131n her alanda daha g\u00f6r\u00fcn\u00fcr olmas\u0131n\u0131 sa\u011flamak en b\u00fcy\u00fck hedeflerimizden biridir. Ba\u015fta G\u00fczelbah\u00e7eli kad\u0131nlar olmak \u00fczere t\u00fcm emek\u00e7i kad\u0131nlar\u0131n 8 Mart D\u00fcnya Emek\u00e7i Kad\u0131nlar G\u00fcn\u00fc\u2019n\u00fc kutluyor, e\u015fit, adil ve umut dolu bir d\u00fcnya diliyorum&#8221; c\u00fcmlelerini aktard\u0131.<br \/>\n<br \/>Eylemin sonunda, kad\u0131n cinayetlerinde hayat\u0131n\u0131 kaybeden kad\u0131nlar\u0131n isimleri, toplanma alan\u0131nda yerlere tebe\u015firle yaz\u0131ld\u0131. Daha sonra kad\u0131nlar, isimlerin \u00fczerine su d\u00f6kerek onlar\u0131 unutmamak ve bu m\u00fccadeleyi canl\u0131 tutmak i\u00e7in bir anma rit\u00fceli yapt\u0131. Son olarak hayat\u0131n\u0131 kaybeden t\u00fcm kad\u0131nlar\u0131n an\u0131s\u0131na denize \u00e7elenk b\u0131rak\u0131ld\u0131.<br \/><\/p>\n","protected":false},"excerpt":{"rendered":"<p>\u0130zmir\u2019de G\u00fczelbah\u00e7e Belediyesinin d\u00fczenledi\u011fi 8 Mart D\u00fcnya Emek\u00e7i Kad\u0131nlar G\u00fcn\u00fc program\u0131nda \u2018tersine y\u00fcr\u00fcy\u00fc\u015f\u2019 yapan kad\u0131nlar, kad\u0131n haklar\u0131nda geriye gidi\u015f oldu\u011funu dile getirerek bir protesto y\u00fcr\u00fcy\u00fc\u015f\u00fc d\u00fczenledi. 8 Mart D\u00fcnya Kad\u0131nlar G\u00fcn\u00fc kapsam\u0131nda G\u00fczelbah\u00e7e Belediyesi, kad\u0131n haklar\u0131 ve emek m\u00fccadelesinde ad\u0131mlar\u0131n ileriye at\u0131lmad\u0131\u011f\u0131, kad\u0131nlar\u0131n sosyal, ekonomik ve hukuki haklar\u0131n\u0131n zay\u0131flamas\u0131 gerek\u00e7esiyle tersine y\u00fcr\u00fcy\u00fc\u015f ger\u00e7ekle\u015ftirildi. Y\u00fcr\u00fcy\u00fc\u015fe, G\u00fczelbah\u00e7e&#8230;<\/p>\n","protected":false},"author":1,"featured_media":24996,"comment_status":"open","ping_status":"open","sticky":false,"template":"","format":"standard","meta":{"_crdt_document":"","footnotes":""},"categories":[1],"tags":[],"class_list":["post-24995","post","type-post","status-publish","format-standard","has-post-thumbnail","hentry","category-guncel"],"_links":{"self":[{"href":"https:\/\/www.egemtv.com\/index.php?rest_route=\/wp\/v2\/posts\/24995","targetHints":{"allow":["GET"]}}],"collection":[{"href":"https:\/\/www.egemtv.com\/index.php?rest_route=\/wp\/v2\/posts"}],"about":[{"href":"https:\/\/www.egemtv.com\/index.php?rest_route=\/wp\/v2\/types\/post"}],"author":[{"embeddable":true,"href":"https:\/\/www.egemtv.com\/index.php?rest_route=\/wp\/v2\/users\/1"}],"replies":[{"embeddable":true,"href":"https:\/\/www.egemtv.com\/index.php?rest_route=%2Fwp%2Fv2%2Fcomments&post=24995"}],"version-history":[{"count":1,"href":"https:\/\/www.egemtv.com\/index.php?rest_route=\/wp\/v2\/posts\/24995\/revisions"}],"predecessor-version":[{"id":24997,"href":"https:\/\/www.egemtv.com\/index.php?rest_route=\/wp\/v2\/posts\/24995\/revisions\/24997"}],"wp:featuredmedia":[{"embeddable":true,"href":"https:\/\/www.egemtv.com\/index.php?rest_route=\/wp\/v2\/media\/24996"}],"wp:attachment":[{"href":"https:\/\/www.egemtv.com\/index.php?rest_route=%2Fwp%2Fv2%2Fmedia&parent=24995"}],"wp:term":[{"taxonomy":"category","embeddable":true,"href":"https:\/\/www.egemtv.com\/index.php?rest_route=%2Fwp%2Fv2%2Fcategories&post=24995"},{"taxonomy":"post_tag","embeddable":true,"href":"https:\/\/www.egemtv.com\/index.php?rest_route=%2Fwp%2Fv2%2Ftags&post=24995"}],"curies":[{"name":"wp","href":"https:\/\/api.w.org\/{rel}","templated":true}]}}