{"id":24992,"date":"2025-03-09T19:48:31","date_gmt":"2025-03-09T16:48:31","guid":{"rendered":"https:\/\/www.egemtv.com\/?p=24992"},"modified":"2025-03-09T19:48:36","modified_gmt":"2025-03-09T16:48:36","slug":"manisada-kaybolan-parasutcu-olu-bulundu","status":"publish","type":"post","link":"https:\/\/www.egemtv.com\/?p=24992","title":{"rendered":"Manisa\u2019da kaybolan para\u015f\u00fct\u00e7\u00fc \u00f6l\u00fc bulundu"},"content":{"rendered":"<p>Manisa\u2019n\u0131n Saruhanl\u0131 il\u00e7esinde yama\u00e7 para\u015f\u00fct\u00fc yapan sporcudan haber alamayan yak\u0131nlar\u0131n\u0131n ihbar\u0131 \u00fczerine ba\u015flat\u0131lan arama kurtarma \u00e7al\u0131\u015fmalar\u0131 sonucunda para\u015f\u00fct\u00e7\u00fcn\u00fcn cesedine ula\u015f\u0131ld\u0131.<br \/>\n<br \/>Edinilen bilgiye g\u00f6re, yama\u00e7 para\u015f\u00fct\u00fc sporcusu Tuncay \u00d6\u011f\u00fct (62), cumartesi \u00f6\u011flen saatlerinde arkada\u015flar\u0131yla birlikte \u0130zmir\u2019den Manisa Saruhanl\u0131\u2019ya ba\u011fl\u0131 Halitpa\u015fa Mahallesi\u2019ne yama\u00e7 para\u015f\u00fct\u00fc yapmak i\u00e7in geldi. Saat 15.00 s\u0131ralar\u0131nda \u00c7\u0131naroba Mahallesi\u2019ndeki 1120 rak\u0131ml\u0131 da\u011fdan Salihli\u2019ye inmek \u00fczere atlay\u0131\u015f yapan \u00d6\u011f\u00fct\u2019ten bir daha haber al\u0131namad\u0131. Kendisinden haber alamayan arkada\u015flar\u0131n\u0131n ihbar\u0131 \u00fczerine b\u00f6lgede; jandarma, AFAD, AKUT, Manisa Telsiz Radyo Amat\u00f6rleri ve Arama Kurtarma Derne\u011fi (Manisa MAT) ekipleri taraf\u0131ndan arama \u00e7al\u0131\u015fmalar\u0131 ba\u015flat\u0131ld\u0131. Gece boyu s\u00fcren arama \u00e7al\u0131\u015fmalar\u0131 sonucu bug\u00fcn saat 12.00 s\u0131ralar\u0131nda \u00d6\u011f\u00fct\u2019\u00fcn cenazesine ula\u015f\u0131ld\u0131. \u00d6\u011f\u00fct\u2019e ait para\u015f\u00fct\u00fcn nas\u0131l d\u00fc\u015ft\u00fc\u011f\u00fc hen\u00fcz belirlenemezken, olayla ilgili soru\u015fturma ba\u015flat\u0131ld\u0131. \u00d6\u011f\u00fct\u2019\u00fcn cans\u0131z bedeni otopsi yap\u0131lmak \u00fczere \u0130zmir Adli T\u0131p Kurumuna g\u00f6nderildi.<br \/><\/p>\n","protected":false},"excerpt":{"rendered":"<p>Manisa\u2019n\u0131n Saruhanl\u0131 il\u00e7esinde yama\u00e7 para\u015f\u00fct\u00fc yapan sporcudan haber alamayan yak\u0131nlar\u0131n\u0131n ihbar\u0131 \u00fczerine ba\u015flat\u0131lan arama kurtarma \u00e7al\u0131\u015fmalar\u0131 sonucunda para\u015f\u00fct\u00e7\u00fcn\u00fcn cesedine ula\u015f\u0131ld\u0131. Edinilen bilgiye g\u00f6re, yama\u00e7 para\u015f\u00fct\u00fc sporcusu Tuncay \u00d6\u011f\u00fct (62), cumartesi \u00f6\u011flen saatlerinde arkada\u015flar\u0131yla birlikte \u0130zmir\u2019den Manisa Saruhanl\u0131\u2019ya ba\u011fl\u0131 Halitpa\u015fa Mahallesi\u2019ne yama\u00e7 para\u015f\u00fct\u00fc yapmak i\u00e7in geldi. Saat 15.00 s\u0131ralar\u0131nda \u00c7\u0131naroba Mahallesi\u2019ndeki 1120 rak\u0131ml\u0131 da\u011fdan Salihli\u2019ye inmek&#8230;<\/p>\n","protected":false},"author":1,"featured_media":24993,"comment_status":"open","ping_status":"open","sticky":false,"template":"","format":"standard","meta":{"_crdt_document":"","footnotes":""},"categories":[5],"tags":[],"class_list":["post-24992","post","type-post","status-publish","format-standard","has-post-thumbnail","hentry","category-asayis"],"_links":{"self":[{"href":"https:\/\/www.egemtv.com\/index.php?rest_route=\/wp\/v2\/posts\/24992","targetHints":{"allow":["GET"]}}],"collection":[{"href":"https:\/\/www.egemtv.com\/index.php?rest_route=\/wp\/v2\/posts"}],"about":[{"href":"https:\/\/www.egemtv.com\/index.php?rest_route=\/wp\/v2\/types\/post"}],"author":[{"embeddable":true,"href":"https:\/\/www.egemtv.com\/index.php?rest_route=\/wp\/v2\/users\/1"}],"replies":[{"embeddable":true,"href":"https:\/\/www.egemtv.com\/index.php?rest_route=%2Fwp%2Fv2%2Fcomments&post=24992"}],"version-history":[{"count":1,"href":"https:\/\/www.egemtv.com\/index.php?rest_route=\/wp\/v2\/posts\/24992\/revisions"}],"predecessor-version":[{"id":24994,"href":"https:\/\/www.egemtv.com\/index.php?rest_route=\/wp\/v2\/posts\/24992\/revisions\/24994"}],"wp:featuredmedia":[{"embeddable":true,"href":"https:\/\/www.egemtv.com\/index.php?rest_route=\/wp\/v2\/media\/24993"}],"wp:attachment":[{"href":"https:\/\/www.egemtv.com\/index.php?rest_route=%2Fwp%2Fv2%2Fmedia&parent=24992"}],"wp:term":[{"taxonomy":"category","embeddable":true,"href":"https:\/\/www.egemtv.com\/index.php?rest_route=%2Fwp%2Fv2%2Fcategories&post=24992"},{"taxonomy":"post_tag","embeddable":true,"href":"https:\/\/www.egemtv.com\/index.php?rest_route=%2Fwp%2Fv2%2Ftags&post=24992"}],"curies":[{"name":"wp","href":"https:\/\/api.w.org\/{rel}","templated":true}]}}