{"id":24989,"date":"2025-03-09T19:27:00","date_gmt":"2025-03-09T16:27:00","guid":{"rendered":"https:\/\/www.egemtv.com\/?p=24989"},"modified":"2025-03-09T19:27:03","modified_gmt":"2025-03-09T16:27:03","slug":"tavsanlida-otluk-alanda-korkutan-yangin","status":"publish","type":"post","link":"https:\/\/www.egemtv.com\/?p=24989","title":{"rendered":"Tav\u015fanl\u0131\u2019da otluk alanda korkutan yang\u0131n"},"content":{"rendered":"<p>K\u00fctahya\u2019n\u0131n Tav\u015fanl\u0131 il\u00e7esi Tepecik beldesinde \u00e7\u0131kan ot yang\u0131n\u0131, itfaiye ekiplerinin m\u00fcdahalesi ile s\u00f6nd\u00fcr\u00fcld\u00fc.<br \/>\n<br \/>Tav\u015fanl\u0131 il\u00e7esi Tepecik beldesinde ak\u015fam saatlerinde Tav\u015fanl\u0131-Emet karayolunun 3. kilometresinde otluk alanda yang\u0131n \u00e7\u0131kt\u0131. K\u0131sa s\u00fcrede b\u00fcy\u00fcyen sazl\u0131ktaki yang\u0131n, olay yerine gelen itfaiye ekipleri taraf\u0131ndan kontrol alt\u0131na al\u0131nd\u0131. Ekipler gerekli kontrol ve inceleme faaliyetlerini tamamlayarak b\u00f6lgeden ayr\u0131ld\u0131.<br \/><\/p>\n","protected":false},"excerpt":{"rendered":"<p>K\u00fctahya\u2019n\u0131n Tav\u015fanl\u0131 il\u00e7esi Tepecik beldesinde \u00e7\u0131kan ot yang\u0131n\u0131, itfaiye ekiplerinin m\u00fcdahalesi ile s\u00f6nd\u00fcr\u00fcld\u00fc. Tav\u015fanl\u0131 il\u00e7esi Tepecik beldesinde ak\u015fam saatlerinde Tav\u015fanl\u0131-Emet karayolunun 3. kilometresinde otluk alanda yang\u0131n \u00e7\u0131kt\u0131. K\u0131sa s\u00fcrede b\u00fcy\u00fcyen sazl\u0131ktaki yang\u0131n, olay yerine gelen itfaiye ekipleri taraf\u0131ndan kontrol alt\u0131na al\u0131nd\u0131. Ekipler gerekli kontrol ve inceleme faaliyetlerini tamamlayarak b\u00f6lgeden ayr\u0131ld\u0131.<\/p>\n","protected":false},"author":1,"featured_media":24990,"comment_status":"open","ping_status":"open","sticky":false,"template":"","format":"standard","meta":{"_crdt_document":"","footnotes":""},"categories":[5],"tags":[],"class_list":["post-24989","post","type-post","status-publish","format-standard","has-post-thumbnail","hentry","category-asayis"],"_links":{"self":[{"href":"https:\/\/www.egemtv.com\/index.php?rest_route=\/wp\/v2\/posts\/24989","targetHints":{"allow":["GET"]}}],"collection":[{"href":"https:\/\/www.egemtv.com\/index.php?rest_route=\/wp\/v2\/posts"}],"about":[{"href":"https:\/\/www.egemtv.com\/index.php?rest_route=\/wp\/v2\/types\/post"}],"author":[{"embeddable":true,"href":"https:\/\/www.egemtv.com\/index.php?rest_route=\/wp\/v2\/users\/1"}],"replies":[{"embeddable":true,"href":"https:\/\/www.egemtv.com\/index.php?rest_route=%2Fwp%2Fv2%2Fcomments&post=24989"}],"version-history":[{"count":1,"href":"https:\/\/www.egemtv.com\/index.php?rest_route=\/wp\/v2\/posts\/24989\/revisions"}],"predecessor-version":[{"id":24991,"href":"https:\/\/www.egemtv.com\/index.php?rest_route=\/wp\/v2\/posts\/24989\/revisions\/24991"}],"wp:featuredmedia":[{"embeddable":true,"href":"https:\/\/www.egemtv.com\/index.php?rest_route=\/wp\/v2\/media\/24990"}],"wp:attachment":[{"href":"https:\/\/www.egemtv.com\/index.php?rest_route=%2Fwp%2Fv2%2Fmedia&parent=24989"}],"wp:term":[{"taxonomy":"category","embeddable":true,"href":"https:\/\/www.egemtv.com\/index.php?rest_route=%2Fwp%2Fv2%2Fcategories&post=24989"},{"taxonomy":"post_tag","embeddable":true,"href":"https:\/\/www.egemtv.com\/index.php?rest_route=%2Fwp%2Fv2%2Ftags&post=24989"}],"curies":[{"name":"wp","href":"https:\/\/api.w.org\/{rel}","templated":true}]}}