{"id":24986,"date":"2025-03-09T19:07:12","date_gmt":"2025-03-09T16:07:12","guid":{"rendered":"https:\/\/www.egemtv.com\/?p=24986"},"modified":"2025-03-09T19:07:15","modified_gmt":"2025-03-09T16:07:15","slug":"tavsanlida-trafik-kazasi-1-yarali-4","status":"publish","type":"post","link":"https:\/\/www.egemtv.com\/?p=24986","title":{"rendered":"Tav\u015fanl\u0131\u2019da trafik kazas\u0131: 1 yaral\u0131"},"content":{"rendered":"<p>K\u00fctahya\u2019n\u0131n Tav\u015fanl\u0131 il\u00e7esinde meydana gelen trafik kazas\u0131nda 1 ki\u015fi yaraland\u0131.<br \/>\n<br \/>Edinilen bilgilere g\u00f6re, M.H.\u00d6.\u2019\u0131n kulland\u0131\u011f\u0131 43 TE 005 plakal\u0131 otomobil, \u00c7evreyolu Caddesi ile Karaca Sokak kav\u015fa\u011f\u0131na geldi\u011finde H.A. idaresindeki 43 AGB 275 plakal\u0131 motosikletle \u00e7arp\u0131\u015ft\u0131. Kazada yaralanan H.A., olay yerine gelen sa\u011fl\u0131k ekipleri taraf\u0131ndan Tav\u015fanl\u0131 Do\u00e7. Dr. Mustafa Kalemli Devlet Hastanesi\u2019ne sevk edildi.<br \/>\n<br \/>Kaza ile ilgili soru\u015fturma ba\u015flat\u0131ld\u0131.<br \/><\/p>\n","protected":false},"excerpt":{"rendered":"<p>K\u00fctahya\u2019n\u0131n Tav\u015fanl\u0131 il\u00e7esinde meydana gelen trafik kazas\u0131nda 1 ki\u015fi yaraland\u0131. Edinilen bilgilere g\u00f6re, M.H.\u00d6.\u2019\u0131n kulland\u0131\u011f\u0131 43 TE 005 plakal\u0131 otomobil, \u00c7evreyolu Caddesi ile Karaca Sokak kav\u015fa\u011f\u0131na geldi\u011finde H.A. idaresindeki 43 AGB 275 plakal\u0131 motosikletle \u00e7arp\u0131\u015ft\u0131. Kazada yaralanan H.A., olay yerine gelen sa\u011fl\u0131k ekipleri taraf\u0131ndan Tav\u015fanl\u0131 Do\u00e7. Dr. Mustafa Kalemli Devlet Hastanesi\u2019ne sevk edildi. Kaza ile&#8230;<\/p>\n","protected":false},"author":1,"featured_media":24987,"comment_status":"open","ping_status":"open","sticky":false,"template":"","format":"standard","meta":{"_crdt_document":"","footnotes":""},"categories":[5],"tags":[],"class_list":["post-24986","post","type-post","status-publish","format-standard","has-post-thumbnail","hentry","category-asayis"],"_links":{"self":[{"href":"https:\/\/www.egemtv.com\/index.php?rest_route=\/wp\/v2\/posts\/24986","targetHints":{"allow":["GET"]}}],"collection":[{"href":"https:\/\/www.egemtv.com\/index.php?rest_route=\/wp\/v2\/posts"}],"about":[{"href":"https:\/\/www.egemtv.com\/index.php?rest_route=\/wp\/v2\/types\/post"}],"author":[{"embeddable":true,"href":"https:\/\/www.egemtv.com\/index.php?rest_route=\/wp\/v2\/users\/1"}],"replies":[{"embeddable":true,"href":"https:\/\/www.egemtv.com\/index.php?rest_route=%2Fwp%2Fv2%2Fcomments&post=24986"}],"version-history":[{"count":1,"href":"https:\/\/www.egemtv.com\/index.php?rest_route=\/wp\/v2\/posts\/24986\/revisions"}],"predecessor-version":[{"id":24988,"href":"https:\/\/www.egemtv.com\/index.php?rest_route=\/wp\/v2\/posts\/24986\/revisions\/24988"}],"wp:featuredmedia":[{"embeddable":true,"href":"https:\/\/www.egemtv.com\/index.php?rest_route=\/wp\/v2\/media\/24987"}],"wp:attachment":[{"href":"https:\/\/www.egemtv.com\/index.php?rest_route=%2Fwp%2Fv2%2Fmedia&parent=24986"}],"wp:term":[{"taxonomy":"category","embeddable":true,"href":"https:\/\/www.egemtv.com\/index.php?rest_route=%2Fwp%2Fv2%2Fcategories&post=24986"},{"taxonomy":"post_tag","embeddable":true,"href":"https:\/\/www.egemtv.com\/index.php?rest_route=%2Fwp%2Fv2%2Ftags&post=24986"}],"curies":[{"name":"wp","href":"https:\/\/api.w.org\/{rel}","templated":true}]}}