{"id":24983,"date":"2025-03-09T18:31:46","date_gmt":"2025-03-09T15:31:46","guid":{"rendered":"https:\/\/www.egemtv.com\/?p=24983"},"modified":"2025-03-09T18:31:50","modified_gmt":"2025-03-09T15:31:50","slug":"tarlada-devrilen-traktorun-uzerinden-savrulan-ciftci-yaralandi","status":"publish","type":"post","link":"https:\/\/www.egemtv.com\/?p=24983","title":{"rendered":"Tarlada devrilen trakt\u00f6r\u00fcn \u00fczerinden savrulan \u00e7ift\u00e7i yaraland\u0131"},"content":{"rendered":"<p>Ayd\u0131n\u2019\u0131n Ku\u015fadas\u0131 il\u00e7esinde tarlada \u00e7al\u0131\u015f\u0131rken kulland\u0131\u011f\u0131 trakt\u00f6r engebeli araziye devrilen \u00e7ift\u00e7i yaraland\u0131.<br \/>\n<br \/>Kaza, Yaylak\u00f6y Mahallesi\u2019nde saat 14.00 s\u0131ralar\u0131nda meydana geldi. Edinilen bilgiye g\u00f6re, \u00e7ift\u00e7i M.A.\u00d6. tarlas\u0131nda \u00e7al\u0131\u015f\u0131rken trakt\u00f6r\u00fcyle geri manevra yapt\u0131. Bu s\u0131rada trakt\u00f6r, tarlan\u0131n hemen yan\u0131nda bulunan engebeli araziye r\u00f6morkuyla birlikte devrildi. Kazada M.A.\u00d6., trakt\u00f6r\u00fcn \u00fczerinden savrularak v\u00fccudunun \u00e7e\u015fitli yerlerinden yaraland\u0131. \u0130hbar \u00fczerine b\u00f6lgeye jandarma, itfaiye ve 112 Acil Sa\u011fl\u0131k ekipleri sevk edildi. Sa\u011fl\u0131k ekipleri arazinin engebeli olmas\u0131 nedeniyle yaral\u0131n\u0131n yan\u0131na ula\u015famay\u0131nca \u00e7evredeki ba\u015fka bir trakt\u00f6r s\u00fcr\u00fcc\u00fcs\u00fcnden yard\u0131m istendi. Trakt\u00f6r vas\u0131tas\u0131yla yaral\u0131ya ula\u015fan ekipler, M.A.\u00d6.\u2019y\u00fc ilk m\u00fcdahalenin ard\u0131ndan S\u00f6ke Fehime Faik Kocag\u00f6z Devlet Hastanesi\u2019ne kald\u0131r\u0131ld\u0131. \u015eahs\u0131n hayati tehlikesinin bulunmad\u0131\u011f\u0131 \u00f6\u011frenildi.<br \/>\n<br \/>Olayla ilgili soru\u015fturma s\u00fcr\u00fcyor.<br \/><\/p>\n","protected":false},"excerpt":{"rendered":"<p>Ayd\u0131n\u2019\u0131n Ku\u015fadas\u0131 il\u00e7esinde tarlada \u00e7al\u0131\u015f\u0131rken kulland\u0131\u011f\u0131 trakt\u00f6r engebeli araziye devrilen \u00e7ift\u00e7i yaraland\u0131. Kaza, Yaylak\u00f6y Mahallesi\u2019nde saat 14.00 s\u0131ralar\u0131nda meydana geldi. Edinilen bilgiye g\u00f6re, \u00e7ift\u00e7i M.A.\u00d6. tarlas\u0131nda \u00e7al\u0131\u015f\u0131rken trakt\u00f6r\u00fcyle geri manevra yapt\u0131. Bu s\u0131rada trakt\u00f6r, tarlan\u0131n hemen yan\u0131nda bulunan engebeli araziye r\u00f6morkuyla birlikte devrildi. Kazada M.A.\u00d6., trakt\u00f6r\u00fcn \u00fczerinden savrularak v\u00fccudunun \u00e7e\u015fitli yerlerinden yaraland\u0131. \u0130hbar \u00fczerine b\u00f6lgeye&#8230;<\/p>\n","protected":false},"author":1,"featured_media":24984,"comment_status":"open","ping_status":"open","sticky":false,"template":"","format":"standard","meta":{"_crdt_document":"","footnotes":""},"categories":[5],"tags":[],"class_list":["post-24983","post","type-post","status-publish","format-standard","has-post-thumbnail","hentry","category-asayis"],"_links":{"self":[{"href":"https:\/\/www.egemtv.com\/index.php?rest_route=\/wp\/v2\/posts\/24983","targetHints":{"allow":["GET"]}}],"collection":[{"href":"https:\/\/www.egemtv.com\/index.php?rest_route=\/wp\/v2\/posts"}],"about":[{"href":"https:\/\/www.egemtv.com\/index.php?rest_route=\/wp\/v2\/types\/post"}],"author":[{"embeddable":true,"href":"https:\/\/www.egemtv.com\/index.php?rest_route=\/wp\/v2\/users\/1"}],"replies":[{"embeddable":true,"href":"https:\/\/www.egemtv.com\/index.php?rest_route=%2Fwp%2Fv2%2Fcomments&post=24983"}],"version-history":[{"count":1,"href":"https:\/\/www.egemtv.com\/index.php?rest_route=\/wp\/v2\/posts\/24983\/revisions"}],"predecessor-version":[{"id":24985,"href":"https:\/\/www.egemtv.com\/index.php?rest_route=\/wp\/v2\/posts\/24983\/revisions\/24985"}],"wp:featuredmedia":[{"embeddable":true,"href":"https:\/\/www.egemtv.com\/index.php?rest_route=\/wp\/v2\/media\/24984"}],"wp:attachment":[{"href":"https:\/\/www.egemtv.com\/index.php?rest_route=%2Fwp%2Fv2%2Fmedia&parent=24983"}],"wp:term":[{"taxonomy":"category","embeddable":true,"href":"https:\/\/www.egemtv.com\/index.php?rest_route=%2Fwp%2Fv2%2Fcategories&post=24983"},{"taxonomy":"post_tag","embeddable":true,"href":"https:\/\/www.egemtv.com\/index.php?rest_route=%2Fwp%2Fv2%2Ftags&post=24983"}],"curies":[{"name":"wp","href":"https:\/\/api.w.org\/{rel}","templated":true}]}}