{"id":24980,"date":"2025-03-09T18:31:41","date_gmt":"2025-03-09T15:31:41","guid":{"rendered":"https:\/\/www.egemtv.com\/?p=24980"},"modified":"2025-03-09T18:31:46","modified_gmt":"2025-03-09T15:31:46","slug":"olumsuz-hava-sartlari-patlican-fiyatlarini-yukseltti","status":"publish","type":"post","link":"https:\/\/www.egemtv.com\/?p=24980","title":{"rendered":"Olumsuz hava \u015fartlar\u0131 patl\u0131can fiyatlar\u0131n\u0131 y\u00fckseltti"},"content":{"rendered":"<p>Afyonkarahisar\u2019da semt pazarlar\u0131nda tezgahlar\u0131n en y\u00fcksek fiyatl\u0131 \u00fcr\u00fcn\u00fc 70 ile 100 lira aras\u0131nda de\u011fi\u015fen patl\u0131can olurken, esnaflar fiyat art\u0131\u015f\u0131ndaki en b\u00fcy\u00fck etkenin olumsuz hava \u015fartlar\u0131 oldu\u011funu, havalar\u0131n \u0131s\u0131nmas\u0131 ile patl\u0131can\u0131n fiyat\u0131n\u0131n d\u00fc\u015fece\u011fini belirttiler.<br \/>\n<br \/>\u015euhut il\u00e7esinde kurulan meyve sebze pazar\u0131nda en y\u00fcksek fiyatl\u0131 \u00fcr\u00fcnlerin ba\u015f\u0131nda patl\u0131can geldi. Kilogram fiyat\u0131 70 ile 100 TL aras\u0131nda de\u011fi\u015fen patl\u0131can, fiyat\u0131 ile hayrete d\u00fc\u015f\u00fcrd\u00fc. Patl\u0131can fiyat\u0131n\u0131n y\u00fcksek olmas\u0131n\u0131n en b\u00fcy\u00fck nedeninin olumsuz hava \u015fartlar\u0131 oldu\u011fu ve fiyat\u0131n sadece Afyonkarahisar\u2019da de\u011fil, yurt genelinde y\u00fcksek oldu\u011fu belirtildi.<br \/>\n<br \/>Pazara al\u0131\u015fveri\u015fe gelen Fatih Daldal, fiyat\u0131 en y\u00fcksek \u00fcr\u00fcn\u00fcn patl\u0131can oldu\u011funu kaydederek, &#8220;Patl\u0131can\u0131n kilosu 100 TL, salatal\u0131k 80 TL. Bu ikisi baya\u011f\u0131 bir y\u00fcksek. Ramazan dolay\u0131s\u0131yla et, salatal\u0131k ve patl\u0131can fiyatlar\u0131 biraz artt\u0131. T\u00fcketicinin al\u0131m g\u00fcc\u00fcn\u00fcn \u00fczerinde y\u00fckseltilmi\u015f durumda. Bir haftada y\u00fczde 50 oran\u0131nda artma var&#8221; dedi.<br \/>\n<br \/>Pazar esnaf\u0131 G\u00fcrkan Emre ise, &#8220;Patl\u0131can \u015fu anda bizim tezgahta 70 lira. Adana\u2019da ve Antalya\u2019da don oldu\u011fu i\u00e7in fiyatlar y\u00fcksek, 70-100 lira aras\u0131nda tezgahta&#8221; dedi.<br \/><\/p>\n","protected":false},"excerpt":{"rendered":"<p>Afyonkarahisar\u2019da semt pazarlar\u0131nda tezgahlar\u0131n en y\u00fcksek fiyatl\u0131 \u00fcr\u00fcn\u00fc 70 ile 100 lira aras\u0131nda de\u011fi\u015fen patl\u0131can olurken, esnaflar fiyat art\u0131\u015f\u0131ndaki en b\u00fcy\u00fck etkenin olumsuz hava \u015fartlar\u0131 oldu\u011funu, havalar\u0131n \u0131s\u0131nmas\u0131 ile patl\u0131can\u0131n fiyat\u0131n\u0131n d\u00fc\u015fece\u011fini belirttiler. \u015euhut il\u00e7esinde kurulan meyve sebze pazar\u0131nda en y\u00fcksek fiyatl\u0131 \u00fcr\u00fcnlerin ba\u015f\u0131nda patl\u0131can geldi. Kilogram fiyat\u0131 70 ile 100 TL aras\u0131nda de\u011fi\u015fen patl\u0131can,&#8230;<\/p>\n","protected":false},"author":1,"featured_media":24981,"comment_status":"open","ping_status":"open","sticky":false,"template":"","format":"standard","meta":{"_crdt_document":"","footnotes":""},"categories":[125],"tags":[],"class_list":["post-24980","post","type-post","status-publish","format-standard","has-post-thumbnail","hentry","category-ekonomi"],"_links":{"self":[{"href":"https:\/\/www.egemtv.com\/index.php?rest_route=\/wp\/v2\/posts\/24980","targetHints":{"allow":["GET"]}}],"collection":[{"href":"https:\/\/www.egemtv.com\/index.php?rest_route=\/wp\/v2\/posts"}],"about":[{"href":"https:\/\/www.egemtv.com\/index.php?rest_route=\/wp\/v2\/types\/post"}],"author":[{"embeddable":true,"href":"https:\/\/www.egemtv.com\/index.php?rest_route=\/wp\/v2\/users\/1"}],"replies":[{"embeddable":true,"href":"https:\/\/www.egemtv.com\/index.php?rest_route=%2Fwp%2Fv2%2Fcomments&post=24980"}],"version-history":[{"count":1,"href":"https:\/\/www.egemtv.com\/index.php?rest_route=\/wp\/v2\/posts\/24980\/revisions"}],"predecessor-version":[{"id":24982,"href":"https:\/\/www.egemtv.com\/index.php?rest_route=\/wp\/v2\/posts\/24980\/revisions\/24982"}],"wp:featuredmedia":[{"embeddable":true,"href":"https:\/\/www.egemtv.com\/index.php?rest_route=\/wp\/v2\/media\/24981"}],"wp:attachment":[{"href":"https:\/\/www.egemtv.com\/index.php?rest_route=%2Fwp%2Fv2%2Fmedia&parent=24980"}],"wp:term":[{"taxonomy":"category","embeddable":true,"href":"https:\/\/www.egemtv.com\/index.php?rest_route=%2Fwp%2Fv2%2Fcategories&post=24980"},{"taxonomy":"post_tag","embeddable":true,"href":"https:\/\/www.egemtv.com\/index.php?rest_route=%2Fwp%2Fv2%2Ftags&post=24980"}],"curies":[{"name":"wp","href":"https:\/\/api.w.org\/{rel}","templated":true}]}}