{"id":24977,"date":"2025-03-09T18:31:37","date_gmt":"2025-03-09T15:31:37","guid":{"rendered":"https:\/\/www.egemtv.com\/?p=24977"},"modified":"2025-03-09T18:31:41","modified_gmt":"2025-03-09T15:31:41","slug":"otoyolda-yanan-arac-hurdaya-dondu","status":"publish","type":"post","link":"https:\/\/www.egemtv.com\/?p=24977","title":{"rendered":"Otoyolda yanan ara\u00e7 hurdaya d\u00f6nd\u00fc"},"content":{"rendered":"<p>Ayd\u0131n\u2019\u0131n Germencik il\u00e7esinde seyir halindeyken alevlere teslim olan otomobil hurdaya d\u00f6nd\u00fc.<br \/>\n<br \/>Yang\u0131n, Ayd\u0131n-\u0130zmir Otoyolu Ak\u00e7e\u015fme Mahallesi yak\u0131nlar\u0131nda meydana geldi. Edinilen bilgiye g\u00f6re, seyir halindeki otomobilde aniden yang\u0131n \u00e7\u0131kt\u0131. Otomobilden dumanlar\u0131n y\u00fckseldi\u011fini fark eden s\u00fcr\u00fcc\u00fc arac\u0131 h\u0131zla emniyet \u015feridine alarak, durumu 112 Acil \u00c7a\u011fr\u0131 Merkezi\u2019ne bildirdi. \u0130hbar \u00fczerine b\u00f6lgeye itfaiye ekipleri sevk edildi. Alevler k\u0131sa s\u00fcrede t\u00fcm arac\u0131 sararken, olay yerine gelen Ayd\u0131n B\u00fcy\u00fck\u015fehir Belediyesi \u0130tfaiye Daire Ba\u015fkanl\u0131\u011f\u0131 ekipleri yang\u0131na m\u00fcdahale etti. Ekiplerin u\u011fra\u015flar\u0131 sonucu yang\u0131n kontrol alt\u0131na al\u0131nd\u0131. Yang\u0131nda tamamen yanarak hurda y\u0131\u011f\u0131n\u0131na d\u00f6nen otomobil kullan\u0131lamaz hale geldi. Yang\u0131n\u0131n \u00e7\u0131k\u0131\u015f nedeninin belirlenebilmesi i\u00e7in \u00e7al\u0131\u015fma ba\u015flat\u0131ld\u0131.<br \/><\/p>\n","protected":false},"excerpt":{"rendered":"<p>Ayd\u0131n\u2019\u0131n Germencik il\u00e7esinde seyir halindeyken alevlere teslim olan otomobil hurdaya d\u00f6nd\u00fc. Yang\u0131n, Ayd\u0131n-\u0130zmir Otoyolu Ak\u00e7e\u015fme Mahallesi yak\u0131nlar\u0131nda meydana geldi. Edinilen bilgiye g\u00f6re, seyir halindeki otomobilde aniden yang\u0131n \u00e7\u0131kt\u0131. Otomobilden dumanlar\u0131n y\u00fckseldi\u011fini fark eden s\u00fcr\u00fcc\u00fc arac\u0131 h\u0131zla emniyet \u015feridine alarak, durumu 112 Acil \u00c7a\u011fr\u0131 Merkezi\u2019ne bildirdi. \u0130hbar \u00fczerine b\u00f6lgeye itfaiye ekipleri sevk edildi. Alevler k\u0131sa s\u00fcrede&#8230;<\/p>\n","protected":false},"author":1,"featured_media":24978,"comment_status":"open","ping_status":"open","sticky":false,"template":"","format":"standard","meta":{"_crdt_document":"","footnotes":""},"categories":[5],"tags":[],"class_list":["post-24977","post","type-post","status-publish","format-standard","has-post-thumbnail","hentry","category-asayis"],"_links":{"self":[{"href":"https:\/\/www.egemtv.com\/index.php?rest_route=\/wp\/v2\/posts\/24977","targetHints":{"allow":["GET"]}}],"collection":[{"href":"https:\/\/www.egemtv.com\/index.php?rest_route=\/wp\/v2\/posts"}],"about":[{"href":"https:\/\/www.egemtv.com\/index.php?rest_route=\/wp\/v2\/types\/post"}],"author":[{"embeddable":true,"href":"https:\/\/www.egemtv.com\/index.php?rest_route=\/wp\/v2\/users\/1"}],"replies":[{"embeddable":true,"href":"https:\/\/www.egemtv.com\/index.php?rest_route=%2Fwp%2Fv2%2Fcomments&post=24977"}],"version-history":[{"count":1,"href":"https:\/\/www.egemtv.com\/index.php?rest_route=\/wp\/v2\/posts\/24977\/revisions"}],"predecessor-version":[{"id":24979,"href":"https:\/\/www.egemtv.com\/index.php?rest_route=\/wp\/v2\/posts\/24977\/revisions\/24979"}],"wp:featuredmedia":[{"embeddable":true,"href":"https:\/\/www.egemtv.com\/index.php?rest_route=\/wp\/v2\/media\/24978"}],"wp:attachment":[{"href":"https:\/\/www.egemtv.com\/index.php?rest_route=%2Fwp%2Fv2%2Fmedia&parent=24977"}],"wp:term":[{"taxonomy":"category","embeddable":true,"href":"https:\/\/www.egemtv.com\/index.php?rest_route=%2Fwp%2Fv2%2Fcategories&post=24977"},{"taxonomy":"post_tag","embeddable":true,"href":"https:\/\/www.egemtv.com\/index.php?rest_route=%2Fwp%2Fv2%2Ftags&post=24977"}],"curies":[{"name":"wp","href":"https:\/\/api.w.org\/{rel}","templated":true}]}}