{"id":24971,"date":"2025-03-09T18:06:41","date_gmt":"2025-03-09T15:06:41","guid":{"rendered":"https:\/\/www.egemtv.com\/?p=24971"},"modified":"2025-03-09T18:06:46","modified_gmt":"2025-03-09T15:06:46","slug":"kulaspor-evinde-galip-2","status":"publish","type":"post","link":"https:\/\/www.egemtv.com\/?p=24971","title":{"rendered":"Kulaspor evinde galip"},"content":{"rendered":"<p>Manisa S\u00fcper Amat\u00f6r Lig Salihli Grubu\u2019nda Kulaspor, 16. haftada Kula 4 Eyl\u00fcl \u015eehitleri Stadyumu\u2019nda kar\u015f\u0131la\u015ft\u0131\u011f\u0131 Selendi Belediyespor\u2019u 4-0 ma\u011flup etti.<br \/>\n<br \/>Manisa S\u00fcper Amat\u00f6r Lig Salihli Grubu\u2019nda Kula\u2019y\u0131 temsil eden tak\u0131mlardan biri olan Kulaspor, ligde 8. s\u0131rada olan ve k\u00fcme d\u00fc\u015fmemek i\u00e7in m\u00fccadele veren Selendi Belediyespor\u2019u konuk etti. Kula 4 Eyl\u00fcl \u015eehitleri Stadyumu\u2019nda oynanan m\u00fccadelede Kula ekibi 8. dakikada Enes \u00c7ak\u0131r\u2019\u0131n buldu\u011fu golle 1-0 \u00f6ne ge\u00e7ti. Rakibi kar\u015f\u0131s\u0131nda kurdu\u011fu \u00fcst\u00fcnl\u00fc\u011f\u00fc elden b\u0131rakmayan Kulaspor 22. dakikada Ahmet G\u00fcrcan\u2019\u0131n buldu\u011fu golle m\u00fccadelede durumu 2-0 yapt\u0131 ve ilk yar\u0131s\u0131 bu skorla tamamland\u0131. Kar\u015f\u0131la\u015fman\u0131n ikinci devresinde de rakibi kar\u015f\u0131s\u0131nda kurdu\u011fu \u00fcst\u00fcnl\u00fc\u011f\u00fc elden b\u0131rakmayan Kulaspor, dakika 52\u2019de Kaptan Bekir G\u00f6ko\u011flan\u2019\u0131n ve dakika 69\u2019da da Enes \u00c7ak\u0131r\u2019\u0131n buldu\u011fu gollerle sahadan 4-0 galip ayr\u0131ld\u0131. Kulaspor ekibi ligdeki puan\u0131n\u0131 28\u2019e y\u00fckselterek 3. s\u0131radaki yerini korudu.<br \/>\n<br \/>\u00d6te yandan Kula Belediye Ba\u015fkan\u0131 Hikmet D\u00f6nmez ve Selendi Belediye Ba\u015fkan\u0131 Murat Daban, seremonide hakemlere \u00e7i\u00e7ek takdim etti ve m\u00fccadeleyi de trib\u00fcnden izledi.<br \/><\/p>\n","protected":false},"excerpt":{"rendered":"<p>Manisa S\u00fcper Amat\u00f6r Lig Salihli Grubu\u2019nda Kulaspor, 16. haftada Kula 4 Eyl\u00fcl \u015eehitleri Stadyumu\u2019nda kar\u015f\u0131la\u015ft\u0131\u011f\u0131 Selendi Belediyespor\u2019u 4-0 ma\u011flup etti. Manisa S\u00fcper Amat\u00f6r Lig Salihli Grubu\u2019nda Kula\u2019y\u0131 temsil eden tak\u0131mlardan biri olan Kulaspor, ligde 8. s\u0131rada olan ve k\u00fcme d\u00fc\u015fmemek i\u00e7in m\u00fccadele veren Selendi Belediyespor\u2019u konuk etti. Kula 4 Eyl\u00fcl \u015eehitleri Stadyumu\u2019nda oynanan m\u00fccadelede Kula&#8230;<\/p>\n","protected":false},"author":1,"featured_media":24972,"comment_status":"open","ping_status":"open","sticky":false,"template":"","format":"standard","meta":{"_crdt_document":"","footnotes":""},"categories":[4],"tags":[],"class_list":["post-24971","post","type-post","status-publish","format-standard","has-post-thumbnail","hentry","category-spor"],"_links":{"self":[{"href":"https:\/\/www.egemtv.com\/index.php?rest_route=\/wp\/v2\/posts\/24971","targetHints":{"allow":["GET"]}}],"collection":[{"href":"https:\/\/www.egemtv.com\/index.php?rest_route=\/wp\/v2\/posts"}],"about":[{"href":"https:\/\/www.egemtv.com\/index.php?rest_route=\/wp\/v2\/types\/post"}],"author":[{"embeddable":true,"href":"https:\/\/www.egemtv.com\/index.php?rest_route=\/wp\/v2\/users\/1"}],"replies":[{"embeddable":true,"href":"https:\/\/www.egemtv.com\/index.php?rest_route=%2Fwp%2Fv2%2Fcomments&post=24971"}],"version-history":[{"count":1,"href":"https:\/\/www.egemtv.com\/index.php?rest_route=\/wp\/v2\/posts\/24971\/revisions"}],"predecessor-version":[{"id":24973,"href":"https:\/\/www.egemtv.com\/index.php?rest_route=\/wp\/v2\/posts\/24971\/revisions\/24973"}],"wp:featuredmedia":[{"embeddable":true,"href":"https:\/\/www.egemtv.com\/index.php?rest_route=\/wp\/v2\/media\/24972"}],"wp:attachment":[{"href":"https:\/\/www.egemtv.com\/index.php?rest_route=%2Fwp%2Fv2%2Fmedia&parent=24971"}],"wp:term":[{"taxonomy":"category","embeddable":true,"href":"https:\/\/www.egemtv.com\/index.php?rest_route=%2Fwp%2Fv2%2Fcategories&post=24971"},{"taxonomy":"post_tag","embeddable":true,"href":"https:\/\/www.egemtv.com\/index.php?rest_route=%2Fwp%2Fv2%2Ftags&post=24971"}],"curies":[{"name":"wp","href":"https:\/\/api.w.org\/{rel}","templated":true}]}}