{"id":24968,"date":"2025-03-09T17:47:17","date_gmt":"2025-03-09T14:47:17","guid":{"rendered":"https:\/\/www.egemtv.com\/?p=24968"},"modified":"2025-03-09T17:47:23","modified_gmt":"2025-03-09T14:47:23","slug":"ispartada-otomobil-agaca-carpti-ilce-belediye-baskani-ve-ailesi-yaralandi","status":"publish","type":"post","link":"https:\/\/www.egemtv.com\/?p=24968","title":{"rendered":"Isparta\u2019da otomobil a\u011faca \u00e7arpt\u0131, il\u00e7e belediye ba\u015fkan\u0131 ve ailesi yaraland\u0131"},"content":{"rendered":"<p>Isparta\u2019da \u015earkikaraa\u011fa\u00e7 Belediye Ba\u015fkan\u0131 Ali G\u00f6\u00e7er\u2019in kulland\u0131\u011f\u0131 otomobil, kontrolden \u00e7\u0131karak a\u011faca \u00e7arpt\u0131. Kazada ba\u015fkan ve otomobilde yolcu olarak bulunan ailesi yaraland\u0131.<br \/>\n<br \/>Kaza, saat 15.30 s\u0131ralar\u0131nda E\u011firdir-Isparta Karayolu\u2019nun 13. kilometresinde meydana geldi. Edinilen bilgiye g\u00f6re, \u015earkikaraa\u011fa\u00e7 \u0130l\u00e7e Belediye Ba\u015fkan\u0131 Ali G\u00f6\u00e7er\u2019in kulland\u0131\u011f\u0131 32 AG 071 plakal\u0131 Skoda marka otomobil, s\u00fcr\u00fcc\u00fcs\u00fcn\u00fcn kontrol\u00fcn\u00fc kaybetmesi sonucu yol kenar\u0131nda bulunan a\u011faca \u00e7arpt\u0131. \u00c7arpman\u0131n etkisiyle s\u00fcr\u00fcc\u00fc Ali G\u00f6\u00e7er, otomobilde yolcu olarak bulunan e\u015fi Ay\u015fe G\u00f6\u00e7er ve k\u0131z\u0131 Elif G\u00f6\u00e7er (19) hafif \u015fekilde yaraland\u0131. Kazay\u0131 g\u00f6renlerin 112 Acil \u00c7a\u011fr\u0131 Merkezi\u2019ne ihbar\u0131 \u00fczerine b\u00f6lgeye polis ve sa\u011fl\u0131k ekipleri sevk edildi. Olay yerine gelen sa\u011fl\u0131k ekiplerinin ilk m\u00fcdahalesinin ard\u0131ndan yaral\u0131lar ambulansla hastaneye kald\u0131r\u0131ld\u0131. Belediye ba\u015fkan\u0131 ve ailesinin hastaneye kald\u0131r\u0131ld\u0131ktan sonra sa\u011fl\u0131k durumlar\u0131n\u0131n iyi oldu\u011fu \u00f6\u011frenildi. Kazayla ilgili inceleme ba\u015flat\u0131ld\u0131.<br \/><\/p>\n","protected":false},"excerpt":{"rendered":"<p>Isparta\u2019da \u015earkikaraa\u011fa\u00e7 Belediye Ba\u015fkan\u0131 Ali G\u00f6\u00e7er\u2019in kulland\u0131\u011f\u0131 otomobil, kontrolden \u00e7\u0131karak a\u011faca \u00e7arpt\u0131. Kazada ba\u015fkan ve otomobilde yolcu olarak bulunan ailesi yaraland\u0131. Kaza, saat 15.30 s\u0131ralar\u0131nda E\u011firdir-Isparta Karayolu\u2019nun 13. kilometresinde meydana geldi. Edinilen bilgiye g\u00f6re, \u015earkikaraa\u011fa\u00e7 \u0130l\u00e7e Belediye Ba\u015fkan\u0131 Ali G\u00f6\u00e7er\u2019in kulland\u0131\u011f\u0131 32 AG 071 plakal\u0131 Skoda marka otomobil, s\u00fcr\u00fcc\u00fcs\u00fcn\u00fcn kontrol\u00fcn\u00fc kaybetmesi sonucu yol kenar\u0131nda bulunan&#8230;<\/p>\n","protected":false},"author":1,"featured_media":24969,"comment_status":"open","ping_status":"open","sticky":false,"template":"","format":"standard","meta":{"_crdt_document":"","footnotes":""},"categories":[5],"tags":[],"class_list":["post-24968","post","type-post","status-publish","format-standard","has-post-thumbnail","hentry","category-asayis"],"_links":{"self":[{"href":"https:\/\/www.egemtv.com\/index.php?rest_route=\/wp\/v2\/posts\/24968","targetHints":{"allow":["GET"]}}],"collection":[{"href":"https:\/\/www.egemtv.com\/index.php?rest_route=\/wp\/v2\/posts"}],"about":[{"href":"https:\/\/www.egemtv.com\/index.php?rest_route=\/wp\/v2\/types\/post"}],"author":[{"embeddable":true,"href":"https:\/\/www.egemtv.com\/index.php?rest_route=\/wp\/v2\/users\/1"}],"replies":[{"embeddable":true,"href":"https:\/\/www.egemtv.com\/index.php?rest_route=%2Fwp%2Fv2%2Fcomments&post=24968"}],"version-history":[{"count":1,"href":"https:\/\/www.egemtv.com\/index.php?rest_route=\/wp\/v2\/posts\/24968\/revisions"}],"predecessor-version":[{"id":24970,"href":"https:\/\/www.egemtv.com\/index.php?rest_route=\/wp\/v2\/posts\/24968\/revisions\/24970"}],"wp:featuredmedia":[{"embeddable":true,"href":"https:\/\/www.egemtv.com\/index.php?rest_route=\/wp\/v2\/media\/24969"}],"wp:attachment":[{"href":"https:\/\/www.egemtv.com\/index.php?rest_route=%2Fwp%2Fv2%2Fmedia&parent=24968"}],"wp:term":[{"taxonomy":"category","embeddable":true,"href":"https:\/\/www.egemtv.com\/index.php?rest_route=%2Fwp%2Fv2%2Fcategories&post=24968"},{"taxonomy":"post_tag","embeddable":true,"href":"https:\/\/www.egemtv.com\/index.php?rest_route=%2Fwp%2Fv2%2Ftags&post=24968"}],"curies":[{"name":"wp","href":"https:\/\/api.w.org\/{rel}","templated":true}]}}