{"id":24965,"date":"2025-03-09T17:47:11","date_gmt":"2025-03-09T14:47:11","guid":{"rendered":"https:\/\/www.egemtv.com\/?p=24965"},"modified":"2025-03-09T17:47:17","modified_gmt":"2025-03-09T14:47:17","slug":"tff-3-lig-aliagaspor-fk-3-cankaya-spor-kulubu-1","status":"publish","type":"post","link":"https:\/\/www.egemtv.com\/?p=24965","title":{"rendered":"TFF 3. Lig: Alia\u011faspor FK: 3 &#8211; \u00c7ankaya Spor Kul\u00fcb\u00fc : 1"},"content":{"rendered":"<p>TFF 3. Lig\u2019in 23. haftas\u0131nda Alia\u011faspor FK, sahas\u0131nda kar\u015f\u0131la\u015ft\u0131\u011f\u0131 \u00c7ankaya Spor Kul\u00fcb\u00fc\u2019n\u00fc 3-1 ma\u011flup etti.<\/p>\n<p>Hakemler: Semih Kurt, \u00d6mer Mutlu, Sezgin Altun<br \/>\n<br \/>Alia\u011faspor FK: Ahmet Pekg\u00f6z, Oktay Kanc\u0131, Necati \u00d6zdemir, Hakan Demir, Muhammed \u015eahing\u00f6z (Yi\u011fit Bay\u0131nd\u0131r dk. 87), Mert Alt\u0131n\u00f6z (Berker B\u0131y\u0131 dk. 63), O\u011fuzhan Y\u0131ld\u0131r\u0131m, Mehmet Uysal (Berk Ali Nizam dk. 75) , Ahmet Uzun, Hasan \u00c7elik (Eray Akar dk. 75), Mehmet Fuat G\u00f6lba\u015f\u0131 (Ali Karaahmet dk. 87)<br \/>\n<br \/>\u00c7ankaya Spor Kul\u00fcb\u00fc :Kaan \u00c7inkaya, H\u00fcseyin G\u00fcng\u00f6r, Burak B\u00fcy\u00fckkaya (Atakan G\u00fcner dk. 77) ,Can Demir Aktav, Burak Ba\u015fkaya, Emirhan Korkmaz (\u0130brahim \u00c7i\u00e7ek dk. 69), Furkan \u00dcnsal (Tolga Yakut dk. 69), Burak \u00d6zduman (Halil \u0130brahim Pek\u015fen dk. 46), Sinan Akaydin, Metehan Mert\u00f6z (Ada Osman Eseller dk. 46), \u0130smail Cem<br \/>\n<br \/>Goller: Furkan \u00dcnsal (dk. 2) (\u00c7ankaya Spor Kul\u00fcb\u00fc), Hakan Demir (dk. 6, 30), Ali Karaahmet (dk. 90+5) (Alia\u011faspor FK)<br \/>\n<br \/>Sar\u0131 kartlar: Burak B\u00fcy\u00fckkaya, Burak Ba\u015fkaya (Cankaya Spor Kul\u00fcb\u00fc), O\u011fuzhan Y\u0131ld\u0131r\u0131m (Alia\u011faspor FK)<br \/><\/p>\n","protected":false},"excerpt":{"rendered":"<p>TFF 3. Lig\u2019in 23. haftas\u0131nda Alia\u011faspor FK, sahas\u0131nda kar\u015f\u0131la\u015ft\u0131\u011f\u0131 \u00c7ankaya Spor Kul\u00fcb\u00fc\u2019n\u00fc 3-1 ma\u011flup etti. Hakemler: Semih Kurt, \u00d6mer Mutlu, Sezgin Altun Alia\u011faspor FK: Ahmet Pekg\u00f6z, Oktay Kanc\u0131, Necati \u00d6zdemir, Hakan Demir, Muhammed \u015eahing\u00f6z (Yi\u011fit Bay\u0131nd\u0131r dk. 87), Mert Alt\u0131n\u00f6z (Berker B\u0131y\u0131 dk. 63), O\u011fuzhan Y\u0131ld\u0131r\u0131m, Mehmet Uysal (Berk Ali Nizam dk. 75) , Ahmet&#8230;<\/p>\n","protected":false},"author":1,"featured_media":24966,"comment_status":"open","ping_status":"open","sticky":false,"template":"","format":"standard","meta":{"_crdt_document":"","footnotes":""},"categories":[4],"tags":[],"class_list":["post-24965","post","type-post","status-publish","format-standard","has-post-thumbnail","hentry","category-spor"],"_links":{"self":[{"href":"https:\/\/www.egemtv.com\/index.php?rest_route=\/wp\/v2\/posts\/24965","targetHints":{"allow":["GET"]}}],"collection":[{"href":"https:\/\/www.egemtv.com\/index.php?rest_route=\/wp\/v2\/posts"}],"about":[{"href":"https:\/\/www.egemtv.com\/index.php?rest_route=\/wp\/v2\/types\/post"}],"author":[{"embeddable":true,"href":"https:\/\/www.egemtv.com\/index.php?rest_route=\/wp\/v2\/users\/1"}],"replies":[{"embeddable":true,"href":"https:\/\/www.egemtv.com\/index.php?rest_route=%2Fwp%2Fv2%2Fcomments&post=24965"}],"version-history":[{"count":1,"href":"https:\/\/www.egemtv.com\/index.php?rest_route=\/wp\/v2\/posts\/24965\/revisions"}],"predecessor-version":[{"id":24967,"href":"https:\/\/www.egemtv.com\/index.php?rest_route=\/wp\/v2\/posts\/24965\/revisions\/24967"}],"wp:featuredmedia":[{"embeddable":true,"href":"https:\/\/www.egemtv.com\/index.php?rest_route=\/wp\/v2\/media\/24966"}],"wp:attachment":[{"href":"https:\/\/www.egemtv.com\/index.php?rest_route=%2Fwp%2Fv2%2Fmedia&parent=24965"}],"wp:term":[{"taxonomy":"category","embeddable":true,"href":"https:\/\/www.egemtv.com\/index.php?rest_route=%2Fwp%2Fv2%2Fcategories&post=24965"},{"taxonomy":"post_tag","embeddable":true,"href":"https:\/\/www.egemtv.com\/index.php?rest_route=%2Fwp%2Fv2%2Ftags&post=24965"}],"curies":[{"name":"wp","href":"https:\/\/api.w.org\/{rel}","templated":true}]}}