{"id":24962,"date":"2025-03-09T17:33:57","date_gmt":"2025-03-09T14:33:57","guid":{"rendered":"https:\/\/www.egemtv.com\/?p=24962"},"modified":"2025-03-09T17:34:00","modified_gmt":"2025-03-09T14:34:00","slug":"marmariste-milli-park-alanindaki-otel-insaatina-yikim-karari","status":"publish","type":"post","link":"https:\/\/www.egemtv.com\/?p=24962","title":{"rendered":"Marmaris\u2019te milli park alan\u0131ndaki otel in\u015faat\u0131na y\u0131k\u0131m karar\u0131"},"content":{"rendered":"<p>\u00c7evre, \u015eehircilik ve \u0130klim De\u011fi\u015fikli\u011fi Bakanl\u0131\u011f\u0131 Mu\u011fla \u0130l M\u00fcd\u00fcrl\u00fc\u011f\u00fc, Marmaris\u2019te ka\u00e7ak yap\u0131la\u015fmalar nedeniyle m\u00fch\u00fcrlenmesine ra\u011fmen milli park s\u0131n\u0131rlar\u0131 i\u00e7inde devam eden otel tadilat\u0131 ve in\u015faat\u0131yla ilgili Mu\u011fla B\u00fcy\u00fck\u015fehir ve Marmaris \u0130l\u00e7e Belediyesi\u2019ne yaz\u0131 g\u00f6ndererek, yap\u0131n\u0131n y\u0131k\u0131lmas\u0131 talimat\u0131 verdi.<br \/>\n<br \/>2022 y\u0131l\u0131nda Marmaris\u2019te milli park s\u0131n\u0131rlar\u0131 i\u00e7inde kalan K\u0131z\u0131lb\u00fck\u2019teki bir turizm tesisine Marmaris Belediye Ba\u015fkanl\u0131\u011f\u0131 taraf\u0131ndan verilen in\u015faat ruhsatlar\u0131n\u0131n iptali i\u00e7in Mu\u011fla 3. \u0130dare Mahkemesi\u2019nde dava a\u00e7\u0131ld\u0131. 19 Kas\u0131m 2024\u2019te sonu\u00e7lanan davada in\u015faat ruhsatlar\u0131n\u0131n tamam\u0131 i\u00e7in iptal karar\u0131 verildi. Mahkeme karar\u0131 sonras\u0131 9 Aral\u0131k 2024\u2019te Marmaris Belediyesi davaya konu olan in\u015faat ruhsatlar\u0131 \u00fczerinden verilen tadilat ruhsatlar\u0131n\u0131 da iptal etti. Karar sonras\u0131 ka\u00e7ak (ruhsats\u0131z) duruma d\u00fc\u015fen in\u015faatlar 11 Aral\u0131k 2024\u2019te belediye ekiplerince m\u00fch\u00fcrlendi.<br \/>\n<br \/>Mu\u011fla Valili\u011fi\u2019ne yap\u0131lan ba\u015fvurunun ard\u0131ndan, 4 \u015eubat\u2019ta Mu\u011fla \u00c7evre, \u015eehircilik ve \u0130klim De\u011fi\u015fikli\u011fi \u0130l M\u00fcd\u00fcrl\u00fc\u011f\u00fc\u2019ne konu bildirilerek gerekeli incelemenin yap\u0131lmas\u0131 istendi.<br \/>\n<br \/>\u00c7evre, \u015eehircilik ve \u0130klim De\u011fi\u015fikli\u011fi \u0130l M\u00fcd\u00fcrl\u00fc\u011f\u00fc ekiplerinin incelemelerinin ard\u0131ndan 27 \u015eubat\u2019ta Mu\u011fla B\u00fcy\u00fck\u015fehir Belediyesi ve Marmaris Belediyesi\u2019ne uyar\u0131 yaz\u0131s\u0131 g\u00f6nderildi\u011fi \u00f6\u011frenildi. Yaz\u0131da Sinpa\u015f\u2019\u0131n hukuka ayk\u0131r\u0131 in\u015fa faaliyetiyle ilgili &#8220;Yasal gere\u011finin temin edilmesi; yasal gere\u011finin ilgili Belediyesi\u2019nce yerine getirilmemesi halinde ise konunun 5216 say\u0131l\u0131 B\u00fcy\u00fck\u015fehir Belediyesi Kanunu\u2019nun ilgili maddeleri do\u011frultusunda Mu\u011fla B\u00fcy\u00fck\u015fehir Belediye Ba\u015fkanl\u0131\u011f\u0131\u2019nca yap\u0131lmas\u0131&#8221; talimat\u0131n\u0131n verildi\u011fi belirtildi.<br \/><\/p>\n","protected":false},"excerpt":{"rendered":"<p>\u00c7evre, \u015eehircilik ve \u0130klim De\u011fi\u015fikli\u011fi Bakanl\u0131\u011f\u0131 Mu\u011fla \u0130l M\u00fcd\u00fcrl\u00fc\u011f\u00fc, Marmaris\u2019te ka\u00e7ak yap\u0131la\u015fmalar nedeniyle m\u00fch\u00fcrlenmesine ra\u011fmen milli park s\u0131n\u0131rlar\u0131 i\u00e7inde devam eden otel tadilat\u0131 ve in\u015faat\u0131yla ilgili Mu\u011fla B\u00fcy\u00fck\u015fehir ve Marmaris \u0130l\u00e7e Belediyesi\u2019ne yaz\u0131 g\u00f6ndererek, yap\u0131n\u0131n y\u0131k\u0131lmas\u0131 talimat\u0131 verdi. 2022 y\u0131l\u0131nda Marmaris\u2019te milli park s\u0131n\u0131rlar\u0131 i\u00e7inde kalan K\u0131z\u0131lb\u00fck\u2019teki bir turizm tesisine Marmaris Belediye Ba\u015fkanl\u0131\u011f\u0131 taraf\u0131ndan verilen&#8230;<\/p>\n","protected":false},"author":1,"featured_media":24963,"comment_status":"open","ping_status":"open","sticky":false,"template":"","format":"standard","meta":{"_crdt_document":"","footnotes":""},"categories":[1],"tags":[],"class_list":["post-24962","post","type-post","status-publish","format-standard","has-post-thumbnail","hentry","category-guncel"],"_links":{"self":[{"href":"https:\/\/www.egemtv.com\/index.php?rest_route=\/wp\/v2\/posts\/24962","targetHints":{"allow":["GET"]}}],"collection":[{"href":"https:\/\/www.egemtv.com\/index.php?rest_route=\/wp\/v2\/posts"}],"about":[{"href":"https:\/\/www.egemtv.com\/index.php?rest_route=\/wp\/v2\/types\/post"}],"author":[{"embeddable":true,"href":"https:\/\/www.egemtv.com\/index.php?rest_route=\/wp\/v2\/users\/1"}],"replies":[{"embeddable":true,"href":"https:\/\/www.egemtv.com\/index.php?rest_route=%2Fwp%2Fv2%2Fcomments&post=24962"}],"version-history":[{"count":1,"href":"https:\/\/www.egemtv.com\/index.php?rest_route=\/wp\/v2\/posts\/24962\/revisions"}],"predecessor-version":[{"id":24964,"href":"https:\/\/www.egemtv.com\/index.php?rest_route=\/wp\/v2\/posts\/24962\/revisions\/24964"}],"wp:featuredmedia":[{"embeddable":true,"href":"https:\/\/www.egemtv.com\/index.php?rest_route=\/wp\/v2\/media\/24963"}],"wp:attachment":[{"href":"https:\/\/www.egemtv.com\/index.php?rest_route=%2Fwp%2Fv2%2Fmedia&parent=24962"}],"wp:term":[{"taxonomy":"category","embeddable":true,"href":"https:\/\/www.egemtv.com\/index.php?rest_route=%2Fwp%2Fv2%2Fcategories&post=24962"},{"taxonomy":"post_tag","embeddable":true,"href":"https:\/\/www.egemtv.com\/index.php?rest_route=%2Fwp%2Fv2%2Ftags&post=24962"}],"curies":[{"name":"wp","href":"https:\/\/api.w.org\/{rel}","templated":true}]}}