{"id":24959,"date":"2025-03-09T17:09:53","date_gmt":"2025-03-09T14:09:53","guid":{"rendered":"https:\/\/www.egemtv.com\/?p=24959"},"modified":"2025-03-09T17:09:58","modified_gmt":"2025-03-09T14:09:58","slug":"tff-2-lig-altay-0-1461-trabzon-fk-2","status":"publish","type":"post","link":"https:\/\/www.egemtv.com\/?p=24959","title":{"rendered":"TFF 2. Lig: Altay: 0 &#8211; 1461 Trabzon FK: 2"},"content":{"rendered":"<p>TFF 2. Lig Beyaz Grup 25. haftas\u0131nda Altay, sahas\u0131nda kar\u015f\u0131la\u015ft\u0131\u011f\u0131 1461 Trabzon FK\u2019ya 2-0 ma\u011flup oldu.<\/p>\n<p>Hakemler: Hakan Ergin, Enes Berk G\u00fc\u00e7l\u00fc, Mustafa Soner Y\u00fcce<br \/>\n<br \/>Altay: Ula\u015f Hasan \u00d6z\u00e7elik, Hikmet \u00c7olak (Salih Oktay dk. 18), Yunus Efe Sar\u0131kaya, Sefa \u00d6zdemir, Onur Efe, \u00d6zg\u00fcr \u00d6zkaya, Emre Tangeldi, Yusuf Tekin, Ali K\u0131z\u0131lkuyu (Caner Baycan dk. 64), Murat Ulu\u00e7, Deniz Kadah (Arda Gezer dk. 77)<br \/>\n<br \/>1461 Trabzon FK: Burak \u00d6\u011f\u00fcr, Erhan Kara (Metehan Y\u0131lmaz dk. 41), Bu\u011frahan Karsl\u0131, Hamza \u00d6zdemir, Sedat Dursun, Muhammed Sar\u0131kaya, Eslem \u00d6zt\u00fcrk, Mustafa Fettaho\u011flu, Ferhan Evren (Musa Caner Akta\u015f dk. 88), Enes Karaku\u015f (Emirhan Zaman dk. 88), S\u00fcleyman G\u00fcne\u015f (Muhammet Berkay Tekke dk. 87)<br \/>\n<br \/>Goller: S\u00fcleyman G\u00fcne\u015f (dk. 27, 79) (1461 Trabzon FK)<br \/>\n<br \/>Sar\u0131 kartlar: Deniz Kadah, Arda Gezer, Yunus Efe Sar\u0131kaya, \u00d6zg\u00fcr \u00d6zkaya (Altay), Enes Karaku\u015f, Metehan Y\u0131lmaz, Sedat Dursun, Hamza \u00d6zdemir (1461 Trabzon FK)<br \/><\/p>\n","protected":false},"excerpt":{"rendered":"<p>TFF 2. Lig Beyaz Grup 25. haftas\u0131nda Altay, sahas\u0131nda kar\u015f\u0131la\u015ft\u0131\u011f\u0131 1461 Trabzon FK\u2019ya 2-0 ma\u011flup oldu. Hakemler: Hakan Ergin, Enes Berk G\u00fc\u00e7l\u00fc, Mustafa Soner Y\u00fcce Altay: Ula\u015f Hasan \u00d6z\u00e7elik, Hikmet \u00c7olak (Salih Oktay dk. 18), Yunus Efe Sar\u0131kaya, Sefa \u00d6zdemir, Onur Efe, \u00d6zg\u00fcr \u00d6zkaya, Emre Tangeldi, Yusuf Tekin, Ali K\u0131z\u0131lkuyu (Caner Baycan dk. 64), Murat&#8230;<\/p>\n","protected":false},"author":1,"featured_media":24960,"comment_status":"open","ping_status":"open","sticky":false,"template":"","format":"standard","meta":{"_crdt_document":"","footnotes":""},"categories":[4],"tags":[],"class_list":["post-24959","post","type-post","status-publish","format-standard","has-post-thumbnail","hentry","category-spor"],"_links":{"self":[{"href":"https:\/\/www.egemtv.com\/index.php?rest_route=\/wp\/v2\/posts\/24959","targetHints":{"allow":["GET"]}}],"collection":[{"href":"https:\/\/www.egemtv.com\/index.php?rest_route=\/wp\/v2\/posts"}],"about":[{"href":"https:\/\/www.egemtv.com\/index.php?rest_route=\/wp\/v2\/types\/post"}],"author":[{"embeddable":true,"href":"https:\/\/www.egemtv.com\/index.php?rest_route=\/wp\/v2\/users\/1"}],"replies":[{"embeddable":true,"href":"https:\/\/www.egemtv.com\/index.php?rest_route=%2Fwp%2Fv2%2Fcomments&post=24959"}],"version-history":[{"count":1,"href":"https:\/\/www.egemtv.com\/index.php?rest_route=\/wp\/v2\/posts\/24959\/revisions"}],"predecessor-version":[{"id":24961,"href":"https:\/\/www.egemtv.com\/index.php?rest_route=\/wp\/v2\/posts\/24959\/revisions\/24961"}],"wp:featuredmedia":[{"embeddable":true,"href":"https:\/\/www.egemtv.com\/index.php?rest_route=\/wp\/v2\/media\/24960"}],"wp:attachment":[{"href":"https:\/\/www.egemtv.com\/index.php?rest_route=%2Fwp%2Fv2%2Fmedia&parent=24959"}],"wp:term":[{"taxonomy":"category","embeddable":true,"href":"https:\/\/www.egemtv.com\/index.php?rest_route=%2Fwp%2Fv2%2Fcategories&post=24959"},{"taxonomy":"post_tag","embeddable":true,"href":"https:\/\/www.egemtv.com\/index.php?rest_route=%2Fwp%2Fv2%2Ftags&post=24959"}],"curies":[{"name":"wp","href":"https:\/\/api.w.org\/{rel}","templated":true}]}}