{"id":24953,"date":"2025-03-09T16:59:57","date_gmt":"2025-03-09T13:59:57","guid":{"rendered":"https:\/\/www.egemtv.com\/?p=24953"},"modified":"2025-03-09T17:00:01","modified_gmt":"2025-03-09T14:00:01","slug":"dalamanda-kadinlar-gunune-ozel-tiyatro","status":"publish","type":"post","link":"https:\/\/www.egemtv.com\/?p=24953","title":{"rendered":"Dalaman\u2019da Kad\u0131nlar G\u00fcn\u00fc\u2019ne \u00f6zel tiyatro"},"content":{"rendered":"<p>Dalaman Halk E\u011fitim Merkezi Usta \u00d6\u011freticisi G\u00f6n\u00fcl \u015eafak\u2019\u0131n yaz\u0131p y\u00f6netti\u011fi \u2019\u0130ncelikler\u2019 tiyatro oyunu D\u00fcnya Kad\u0131nlar G\u00fcn\u00fc\u2019nde sahnelendi.<\/p>\n<p>Dalaman, 8 Mart D\u00fcnya Kad\u0131nlar G\u00fcn\u00fc vesilesiyle anlaml\u0131 bir etkinli\u011fe ev sahipli\u011fi yapt\u0131. Dalaman Kaymakaml\u0131\u011f\u0131 himayesinde, \u0130l\u00e7e Milli E\u011fitim M\u00fcd\u00fcrl\u00fc\u011f\u00fc\u2019n\u00fcn koordinasyonu ve Halk E\u011fitim Merkezi M\u00fcd\u00fcrl\u00fc\u011f\u00fc\u2019n\u00fcn katk\u0131lar\u0131yla haz\u0131rlanan etkinlikte, Usta \u00d6\u011fretici Tiyatrocu ve Y\u00f6netmen G\u00f6n\u00fcl \u015eafak taraf\u0131ndan yaz\u0131lan ve y\u00f6netilen \u2019\u0130ncelikler\u2019 adl\u0131 tiyatro oyunu sergilendi. Cumhuriyet \u0130lkokulu\u2019nda sahnelenen oyun izleyicilerden tam not ald\u0131.<\/p>\n<p>Etkinli\u011fe \u0130l\u00e7e Milli E\u011fitim M\u00fcd\u00fcr\u00fc Ersal Ersin Avc\u0131, Halk E\u011fitim Merkezi M\u00fcd\u00fcr\u00fc G\u00fclderen \u015eahin, Okul M\u00fcd\u00fcr\u00fc Bayram Avc\u0131 ve \u00e7ok say\u0131da vatanda\u015f kat\u0131ld\u0131. \u0130l\u00e7e Milli E\u011fitim M\u00fcd\u00fcr\u00fc Ersal Ersin Avc\u0131, kad\u0131n\u0131n toplumdaki yerinin ve de\u011ferinin ne kadar \u00f6nemli oldu\u011funa dikkat \u00e7ekerek, 8 Mart D\u00fcnya Kad\u0131nlar G\u00fcn\u00fc kapsam\u0131nda d\u00fczenlenen bu anlaml\u0131 etkinlikte eme\u011fi ge\u00e7en herkese te\u015fekk\u00fcr etti.<br \/><\/p>\n","protected":false},"excerpt":{"rendered":"<p>Dalaman Halk E\u011fitim Merkezi Usta \u00d6\u011freticisi G\u00f6n\u00fcl \u015eafak\u2019\u0131n yaz\u0131p y\u00f6netti\u011fi \u2019\u0130ncelikler\u2019 tiyatro oyunu D\u00fcnya Kad\u0131nlar G\u00fcn\u00fc\u2019nde sahnelendi. Dalaman, 8 Mart D\u00fcnya Kad\u0131nlar G\u00fcn\u00fc vesilesiyle anlaml\u0131 bir etkinli\u011fe ev sahipli\u011fi yapt\u0131. Dalaman Kaymakaml\u0131\u011f\u0131 himayesinde, \u0130l\u00e7e Milli E\u011fitim M\u00fcd\u00fcrl\u00fc\u011f\u00fc\u2019n\u00fcn koordinasyonu ve Halk E\u011fitim Merkezi M\u00fcd\u00fcrl\u00fc\u011f\u00fc\u2019n\u00fcn katk\u0131lar\u0131yla haz\u0131rlanan etkinlikte, Usta \u00d6\u011fretici Tiyatrocu ve Y\u00f6netmen G\u00f6n\u00fcl \u015eafak taraf\u0131ndan yaz\u0131lan&#8230;<\/p>\n","protected":false},"author":1,"featured_media":24954,"comment_status":"open","ping_status":"open","sticky":false,"template":"","format":"standard","meta":{"_crdt_document":"","footnotes":""},"categories":[1],"tags":[],"class_list":["post-24953","post","type-post","status-publish","format-standard","has-post-thumbnail","hentry","category-guncel"],"_links":{"self":[{"href":"https:\/\/www.egemtv.com\/index.php?rest_route=\/wp\/v2\/posts\/24953","targetHints":{"allow":["GET"]}}],"collection":[{"href":"https:\/\/www.egemtv.com\/index.php?rest_route=\/wp\/v2\/posts"}],"about":[{"href":"https:\/\/www.egemtv.com\/index.php?rest_route=\/wp\/v2\/types\/post"}],"author":[{"embeddable":true,"href":"https:\/\/www.egemtv.com\/index.php?rest_route=\/wp\/v2\/users\/1"}],"replies":[{"embeddable":true,"href":"https:\/\/www.egemtv.com\/index.php?rest_route=%2Fwp%2Fv2%2Fcomments&post=24953"}],"version-history":[{"count":1,"href":"https:\/\/www.egemtv.com\/index.php?rest_route=\/wp\/v2\/posts\/24953\/revisions"}],"predecessor-version":[{"id":24955,"href":"https:\/\/www.egemtv.com\/index.php?rest_route=\/wp\/v2\/posts\/24953\/revisions\/24955"}],"wp:featuredmedia":[{"embeddable":true,"href":"https:\/\/www.egemtv.com\/index.php?rest_route=\/wp\/v2\/media\/24954"}],"wp:attachment":[{"href":"https:\/\/www.egemtv.com\/index.php?rest_route=%2Fwp%2Fv2%2Fmedia&parent=24953"}],"wp:term":[{"taxonomy":"category","embeddable":true,"href":"https:\/\/www.egemtv.com\/index.php?rest_route=%2Fwp%2Fv2%2Fcategories&post=24953"},{"taxonomy":"post_tag","embeddable":true,"href":"https:\/\/www.egemtv.com\/index.php?rest_route=%2Fwp%2Fv2%2Ftags&post=24953"}],"curies":[{"name":"wp","href":"https:\/\/api.w.org\/{rel}","templated":true}]}}