{"id":24947,"date":"2025-03-09T16:29:03","date_gmt":"2025-03-09T13:29:03","guid":{"rendered":"https:\/\/www.egemtv.com\/?p=24947"},"modified":"2025-03-09T16:29:07","modified_gmt":"2025-03-09T13:29:07","slug":"fethiyede-7-turkiye-akil-ve-zeka-oyunlari-turnuvasi-heyecani","status":"publish","type":"post","link":"https:\/\/www.egemtv.com\/?p=24947","title":{"rendered":"Fethiye\u2019de 7. T\u00fcrkiye Ak\u0131l ve Zeka Oyunlar\u0131 Turnuvas\u0131 heyecan\u0131"},"content":{"rendered":"<p>Milli E\u011fitim Bakanl\u0131\u011f\u0131 Temel E\u011fitim Genel M\u00fcd\u00fcrl\u00fc\u011f\u00fc, \u00d6zel \u00d6\u011fretim Kurumlar\u0131 Genel M\u00fcd\u00fcrl\u00fc\u011f\u00fc ve Din \u00d6\u011fretimi Genel M\u00fcd\u00fcrl\u00fc\u011f\u00fc ile T\u00fcm Ak\u0131l ve Zeka Oyunlar\u0131 Federasyonu aras\u0131nda imzalanan protokol kapsam\u0131nda d\u00fczenlenen 7. T\u00fcrkiye Ak\u0131l ve Zeka Oyunlar\u0131 Turnuvas\u0131\u2019nda gen\u00e7 zihinler Equilibrio\u2019dan Mangala\u2019ya 10 kategoride yeteneklerini sergiledi.<\/p>\n<p>Fethiye, 7. T\u00fcrkiye Ak\u0131l ve Zeka Oyunlar\u0131 Turnuvas\u0131\u2019n\u0131n heyecan\u0131na ev sahipli\u011fi yapt\u0131. Milli E\u011fitim Bakanl\u0131\u011f\u0131 Temel E\u011fitim Genel M\u00fcd\u00fcrl\u00fc\u011f\u00fc, \u00d6zel \u00d6\u011fretim Kurumlar\u0131 Genel M\u00fcd\u00fcrl\u00fc\u011f\u00fc ve Din \u00d6\u011fretimi Genel M\u00fcd\u00fcrl\u00fc\u011f\u00fc ile T\u00fcm Ak\u0131l ve Zeka Oyunlar\u0131 Federasyonu aras\u0131nda imzalanan protokol kapsam\u0131nda d\u00fczenlenen turnuvan\u0131n Fethiye aya\u011f\u0131, yo\u011fun kat\u0131l\u0131m ve ba\u015far\u0131larla tamamland\u0131.<\/p>\n<p>Fethiye \u0130l\u00e7e Milli E\u011fitim M\u00fcd\u00fcrl\u00fc\u011f\u00fc \u0130l\u00e7e Koordinat\u00f6r\u00fc Gamze Demirkol \u00d6zda\u011f\u2019\u0131n \u00f6nc\u00fcl\u00fc\u011f\u00fcnde ger\u00e7ekle\u015fen etkinlikte, il\u00e7edeki okullarda d\u00fczenlenen yar\u0131\u015fmalarda dereceye giren ilkokul ve ortaokul \u00f6\u011frencileri, 10 farkl\u0131 kategoride zihinsel becerilerini sergilediler. \u00d6\u011frenciler, Equilibrio, K\u00fcre, Mangala, Abluka, Pentago, Motif ve Kulami gibi oyunlarda stratejik d\u00fc\u015f\u00fcnme ve problem \u00e7\u00f6zme yeteneklerini ortaya koydu.<\/p>\n<p>\u00d6d\u00fcl t\u00f6reninde konu\u015fan \u0130l\u00e7e Milli E\u011fitim M\u00fcd\u00fcr\u00fc Faruk Kaya, turnuvan\u0131n \u00f6nemine vurgu yaparak, &#8220;Bu turnuva, \u00f6\u011frencilerimizin zihinsel becerilerini geli\u015ftirmeleri ve stratejik d\u00fc\u015f\u00fcnme yeteneklerini ortaya koymalar\u0131 a\u00e7\u0131s\u0131ndan b\u00fcy\u00fck \u00f6nem ta\u015f\u0131yor. Yar\u0131\u015fmaya kat\u0131lan t\u00fcm \u00f6\u011frencilerimizi tebrik ediyor, Mu\u011fla\u2019da il\u00e7emizi temsil edecek birincilerimize ba\u015far\u0131lar diliyorum&#8221; diye konu\u015ftu.<\/p>\n<p>Turnuvada dereceye giren \u00f6\u011frenciler, bir sonraki etapta Fethiye\u2019yi temsil edecek.<br \/><\/p>\n","protected":false},"excerpt":{"rendered":"<p>Milli E\u011fitim Bakanl\u0131\u011f\u0131 Temel E\u011fitim Genel M\u00fcd\u00fcrl\u00fc\u011f\u00fc, \u00d6zel \u00d6\u011fretim Kurumlar\u0131 Genel M\u00fcd\u00fcrl\u00fc\u011f\u00fc ve Din \u00d6\u011fretimi Genel M\u00fcd\u00fcrl\u00fc\u011f\u00fc ile T\u00fcm Ak\u0131l ve Zeka Oyunlar\u0131 Federasyonu aras\u0131nda imzalanan protokol kapsam\u0131nda d\u00fczenlenen 7. T\u00fcrkiye Ak\u0131l ve Zeka Oyunlar\u0131 Turnuvas\u0131\u2019nda gen\u00e7 zihinler Equilibrio\u2019dan Mangala\u2019ya 10 kategoride yeteneklerini sergiledi. Fethiye, 7. T\u00fcrkiye Ak\u0131l ve Zeka Oyunlar\u0131 Turnuvas\u0131\u2019n\u0131n heyecan\u0131na ev sahipli\u011fi&#8230;<\/p>\n","protected":false},"author":1,"featured_media":24948,"comment_status":"open","ping_status":"open","sticky":false,"template":"","format":"standard","meta":{"_crdt_document":"","footnotes":""},"categories":[1],"tags":[],"class_list":["post-24947","post","type-post","status-publish","format-standard","has-post-thumbnail","hentry","category-guncel"],"_links":{"self":[{"href":"https:\/\/www.egemtv.com\/index.php?rest_route=\/wp\/v2\/posts\/24947","targetHints":{"allow":["GET"]}}],"collection":[{"href":"https:\/\/www.egemtv.com\/index.php?rest_route=\/wp\/v2\/posts"}],"about":[{"href":"https:\/\/www.egemtv.com\/index.php?rest_route=\/wp\/v2\/types\/post"}],"author":[{"embeddable":true,"href":"https:\/\/www.egemtv.com\/index.php?rest_route=\/wp\/v2\/users\/1"}],"replies":[{"embeddable":true,"href":"https:\/\/www.egemtv.com\/index.php?rest_route=%2Fwp%2Fv2%2Fcomments&post=24947"}],"version-history":[{"count":1,"href":"https:\/\/www.egemtv.com\/index.php?rest_route=\/wp\/v2\/posts\/24947\/revisions"}],"predecessor-version":[{"id":24949,"href":"https:\/\/www.egemtv.com\/index.php?rest_route=\/wp\/v2\/posts\/24947\/revisions\/24949"}],"wp:featuredmedia":[{"embeddable":true,"href":"https:\/\/www.egemtv.com\/index.php?rest_route=\/wp\/v2\/media\/24948"}],"wp:attachment":[{"href":"https:\/\/www.egemtv.com\/index.php?rest_route=%2Fwp%2Fv2%2Fmedia&parent=24947"}],"wp:term":[{"taxonomy":"category","embeddable":true,"href":"https:\/\/www.egemtv.com\/index.php?rest_route=%2Fwp%2Fv2%2Fcategories&post=24947"},{"taxonomy":"post_tag","embeddable":true,"href":"https:\/\/www.egemtv.com\/index.php?rest_route=%2Fwp%2Fv2%2Ftags&post=24947"}],"curies":[{"name":"wp","href":"https:\/\/api.w.org\/{rel}","templated":true}]}}