{"id":24944,"date":"2025-03-09T16:28:58","date_gmt":"2025-03-09T13:28:58","guid":{"rendered":"https:\/\/www.egemtv.com\/?p=24944"},"modified":"2025-03-09T16:29:03","modified_gmt":"2025-03-09T13:29:03","slug":"sarigol-genclerbirligi-farkli-kazandi","status":"publish","type":"post","link":"https:\/\/www.egemtv.com\/?p=24944","title":{"rendered":"Sar\u0131g\u00f6l Gen\u00e7lerbirli\u011fi farkl\u0131 kazand\u0131"},"content":{"rendered":"<p>Manisa S\u00fcper Amat\u00f6r K\u00fcme Salihli Grubunda m\u00fccadele veren Sar\u0131g\u00f6l Gen\u00e7lerbirli\u011fi Belediyespor sahas\u0131nda oynad\u0131\u011f\u0131 K\u00f6pr\u00fcba\u015f\u0131 Gen\u00e7lik Belediyespor\u2019u 4-0 yendi.<br \/>\n<br \/>M\u00fccadelenin ilk yar\u0131s\u0131nda Orhan Bug\u00fcn ve Ahmet Daban\u2019\u0131n att\u0131\u011f\u0131 iki g\u00fczel golle ilk yar\u0131y\u0131 2-0 \u00f6nde tamamlayan Sar\u0131g\u00f6l Gen\u00e7lerbirli\u011fi Belediyespor tak\u0131m\u0131 ikinci yar\u0131ya da olduk\u00e7a ekili ba\u015flad\u0131 ve rakibi K\u00f6pr\u00fcba\u015f\u0131 Gen\u00e7lik Belediyespor\u2019u kendi sahas\u0131nda hapsetti. Sar\u0131g\u00f6l Gen\u00e7lerbirli\u011fi Belediyespor ikinci yar\u0131da da Hamza Demirdo\u011fan ve Mutat Eskici\u2019nin aya\u011f\u0131nda kazand\u0131\u011f\u0131 gollerle kar\u015f\u0131la\u015fmay\u0131 4-0 kazanmas\u0131n\u0131 bildi. Sar\u0131g\u00f6l Dallas Tayfa Grubu ma\u00e7 boyunca tak\u0131mlar\u0131n\u0131 yaln\u0131z b\u0131rakmad\u0131.<br \/>\n<br \/>Sar\u0131g\u00f6l Gen\u00e7lerbirli\u011fi Belediyespor Teknik Direkt\u00f6r\u00fc Ercan Akdeniz, oyuncular\u0131n\u0131 g\u00fczel futbol ve g\u00fczel sonu\u00e7 dolay\u0131s\u0131yla tebrik ederken, taraftarlara da desteklerinden dolay\u0131 te\u015fekk\u00fcr etti.<br \/><\/p>\n","protected":false},"excerpt":{"rendered":"<p>Manisa S\u00fcper Amat\u00f6r K\u00fcme Salihli Grubunda m\u00fccadele veren Sar\u0131g\u00f6l Gen\u00e7lerbirli\u011fi Belediyespor sahas\u0131nda oynad\u0131\u011f\u0131 K\u00f6pr\u00fcba\u015f\u0131 Gen\u00e7lik Belediyespor\u2019u 4-0 yendi. M\u00fccadelenin ilk yar\u0131s\u0131nda Orhan Bug\u00fcn ve Ahmet Daban\u2019\u0131n att\u0131\u011f\u0131 iki g\u00fczel golle ilk yar\u0131y\u0131 2-0 \u00f6nde tamamlayan Sar\u0131g\u00f6l Gen\u00e7lerbirli\u011fi Belediyespor tak\u0131m\u0131 ikinci yar\u0131ya da olduk\u00e7a ekili ba\u015flad\u0131 ve rakibi K\u00f6pr\u00fcba\u015f\u0131 Gen\u00e7lik Belediyespor\u2019u kendi sahas\u0131nda hapsetti. Sar\u0131g\u00f6l Gen\u00e7lerbirli\u011fi&#8230;<\/p>\n","protected":false},"author":1,"featured_media":24945,"comment_status":"open","ping_status":"open","sticky":false,"template":"","format":"standard","meta":{"_crdt_document":"","footnotes":""},"categories":[4],"tags":[],"class_list":["post-24944","post","type-post","status-publish","format-standard","has-post-thumbnail","hentry","category-spor"],"_links":{"self":[{"href":"https:\/\/www.egemtv.com\/index.php?rest_route=\/wp\/v2\/posts\/24944","targetHints":{"allow":["GET"]}}],"collection":[{"href":"https:\/\/www.egemtv.com\/index.php?rest_route=\/wp\/v2\/posts"}],"about":[{"href":"https:\/\/www.egemtv.com\/index.php?rest_route=\/wp\/v2\/types\/post"}],"author":[{"embeddable":true,"href":"https:\/\/www.egemtv.com\/index.php?rest_route=\/wp\/v2\/users\/1"}],"replies":[{"embeddable":true,"href":"https:\/\/www.egemtv.com\/index.php?rest_route=%2Fwp%2Fv2%2Fcomments&post=24944"}],"version-history":[{"count":1,"href":"https:\/\/www.egemtv.com\/index.php?rest_route=\/wp\/v2\/posts\/24944\/revisions"}],"predecessor-version":[{"id":24946,"href":"https:\/\/www.egemtv.com\/index.php?rest_route=\/wp\/v2\/posts\/24944\/revisions\/24946"}],"wp:featuredmedia":[{"embeddable":true,"href":"https:\/\/www.egemtv.com\/index.php?rest_route=\/wp\/v2\/media\/24945"}],"wp:attachment":[{"href":"https:\/\/www.egemtv.com\/index.php?rest_route=%2Fwp%2Fv2%2Fmedia&parent=24944"}],"wp:term":[{"taxonomy":"category","embeddable":true,"href":"https:\/\/www.egemtv.com\/index.php?rest_route=%2Fwp%2Fv2%2Fcategories&post=24944"},{"taxonomy":"post_tag","embeddable":true,"href":"https:\/\/www.egemtv.com\/index.php?rest_route=%2Fwp%2Fv2%2Ftags&post=24944"}],"curies":[{"name":"wp","href":"https:\/\/api.w.org\/{rel}","templated":true}]}}