{"id":24941,"date":"2025-03-09T15:51:16","date_gmt":"2025-03-09T12:51:16","guid":{"rendered":"https:\/\/www.egemtv.com\/?p=24941"},"modified":"2025-03-09T15:51:20","modified_gmt":"2025-03-09T12:51:20","slug":"alasehirin-imza-projesinde-calismalar-son-surat","status":"publish","type":"post","link":"https:\/\/www.egemtv.com\/?p=24941","title":{"rendered":"Ala\u015fehir\u2019in imza projesinde \u00e7al\u0131\u015fmalar son s\u00fcrat"},"content":{"rendered":"<p>Manisa B\u00fcy\u00fck\u015fehir Belediye Ba\u015fkan\u0131 Ferdi Zeyrek\u2019in \u00f6nc\u00fcl\u00fc\u011f\u00fcnde, Ala\u015fehir\u2019in kronikle\u015fmi\u015f su sorununa ne\u015fter vuracak proje, t\u00fcm h\u0131z\u0131yla ilerliyor. Manisa Su ve Kanalizasyon \u0130daresi (MASK\u0130) Genel M\u00fcd\u00fcr Yard\u0131mc\u0131s\u0131 Bircan Kaynak, il\u00e7e merkezinin su sorununu \u00e7\u00f6z\u00fcme kavu\u015fturacak 17 kilometrelik \u00e7elik i\u00e7me suyu hatt\u0131 ile 7 bin 500 tonluk depo in\u015faat\u0131 \u00e7al\u0131\u015fmalar\u0131n\u0131 yerinde inceledi.<br \/>\n<br \/>MASK\u0130 Genel M\u00fcd\u00fcrl\u00fc\u011f\u00fc, Manisa B\u00fcy\u00fck\u015fehir Belediye Ba\u015fkan\u0131 Ferdi Zeyrek\u2019in \u00f6nc\u00fcl\u00fc\u011f\u00fcnde, kent genelinde alt yap\u0131y\u0131 modern ve dayan\u0131kl\u0131 hale getirmek i\u00e7in yat\u0131r\u0131mlar\u0131na devam ediyor. Ala\u015fehir il\u00e7esinin su sorununu \u00e7\u00f6z\u00fcme kavu\u015fturacak i\u00e7me suyu hatt\u0131 ile su deposu in\u015faat\u0131nda \u00e7al\u0131\u015fmalar h\u0131z kesmeden devam ediyor. MASK\u0130 Genel M\u00fcd\u00fcr Yard\u0131mc\u0131s\u0131 Bircan Kaynak da Ala\u015fehir\u2019e giderek incelemelerde bulundu. Kaynak, ilk olarak y\u00fcklenici firma yetkilileri ile \u015fantiye alan\u0131nda bir araya geldi ve \u00e7al\u0131\u015fman\u0131n son durumu hakk\u0131nda bilgi ald\u0131. Ard\u0131ndan, depo in\u015faat\u0131n\u0131 gezen Kaynak, \u00e7elik hatt\u0131n g\u00fczergahlar\u0131n\u0131 da tek tek yerinde inceleyerek, \u00e7al\u0131\u015fman\u0131n son a\u015famalar\u0131nda yap\u0131lacak imalatlar ile ilgili y\u00fcklenici firma ve yetkili personel ile g\u00f6r\u00fc\u015fme yapt\u0131. Ala\u015fehir Belediyesi \u0130mar M\u00fcd\u00fcr\u00fc Alp Can Ar\u0131kan\u2019\u0131 da ziyaret eden Bircan Kaynak, il\u00e7e i\u00e7in b\u00fcy\u00fck \u00f6nem ta\u015f\u0131yan projenin i\u015f birli\u011fi ile sorunsuz bir \u015fekilde ilerleyece\u011finin alt\u0131n\u0131 \u00e7izdi.<\/p>\n<p>&#8220;\u0130\u015fleyi\u015f mekanizmas\u0131n\u0131n sorunsuz olmas\u0131 i\u00e7in yak\u0131ndan takipteyiz&#8221;<br \/>\n<br \/>Bircan Kaynak, &#8220;B\u00fcy\u00fck\u015fehir Belediye Ba\u015fkan\u0131m\u0131z Ferdi Zeyrek\u2019in talimatlar\u0131yla, 200 milyon TL\u2019lik projemizde i\u015fleyi\u015f mekanizmas\u0131n\u0131n eksiksiz bir \u015fekilde ilerlemesi i\u00e7in Ala\u015fehir Belediyemiz ve y\u00fcklenici firma yetkililerimiz ile g\u00f6r\u00fc\u015fme ger\u00e7ekle\u015ftirdik. 17 kilometrelik \u00e7elik hatt\u0131m\u0131z da imalatlar s\u00fcr\u00fcyor. 7 bin 500 tonluk depo in\u015faat\u0131m\u0131z devam ediyor. Hatt\u0131m\u0131z\u0131n ge\u00e7ece\u011fi g\u00fczergahlar\u0131 tek tek yerinde g\u00f6rd\u00fck. \u0130l\u00e7emizi hat d\u00f6\u015femeleri esnas\u0131nda susuz b\u0131rakmamak ad\u0131na detayl\u0131 bir \u015fekilde planlama yap\u0131yoruz. Projemizi k\u0131sa s\u00fcrede sorunsuz bir \u015fekilde tamamlayarak il\u00e7emizin su sorununu \u00e7\u00f6zmek istiyoruz&#8221; dedi.<br \/><\/p>\n","protected":false},"excerpt":{"rendered":"<p>Manisa B\u00fcy\u00fck\u015fehir Belediye Ba\u015fkan\u0131 Ferdi Zeyrek\u2019in \u00f6nc\u00fcl\u00fc\u011f\u00fcnde, Ala\u015fehir\u2019in kronikle\u015fmi\u015f su sorununa ne\u015fter vuracak proje, t\u00fcm h\u0131z\u0131yla ilerliyor. Manisa Su ve Kanalizasyon \u0130daresi (MASK\u0130) Genel M\u00fcd\u00fcr Yard\u0131mc\u0131s\u0131 Bircan Kaynak, il\u00e7e merkezinin su sorununu \u00e7\u00f6z\u00fcme kavu\u015fturacak 17 kilometrelik \u00e7elik i\u00e7me suyu hatt\u0131 ile 7 bin 500 tonluk depo in\u015faat\u0131 \u00e7al\u0131\u015fmalar\u0131n\u0131 yerinde inceledi. MASK\u0130 Genel M\u00fcd\u00fcrl\u00fc\u011f\u00fc, Manisa B\u00fcy\u00fck\u015fehir&#8230;<\/p>\n","protected":false},"author":1,"featured_media":24942,"comment_status":"open","ping_status":"open","sticky":false,"template":"","format":"standard","meta":{"_crdt_document":"","footnotes":""},"categories":[2],"tags":[],"class_list":["post-24941","post","type-post","status-publish","format-standard","has-post-thumbnail","hentry","category-saglik"],"_links":{"self":[{"href":"https:\/\/www.egemtv.com\/index.php?rest_route=\/wp\/v2\/posts\/24941","targetHints":{"allow":["GET"]}}],"collection":[{"href":"https:\/\/www.egemtv.com\/index.php?rest_route=\/wp\/v2\/posts"}],"about":[{"href":"https:\/\/www.egemtv.com\/index.php?rest_route=\/wp\/v2\/types\/post"}],"author":[{"embeddable":true,"href":"https:\/\/www.egemtv.com\/index.php?rest_route=\/wp\/v2\/users\/1"}],"replies":[{"embeddable":true,"href":"https:\/\/www.egemtv.com\/index.php?rest_route=%2Fwp%2Fv2%2Fcomments&post=24941"}],"version-history":[{"count":1,"href":"https:\/\/www.egemtv.com\/index.php?rest_route=\/wp\/v2\/posts\/24941\/revisions"}],"predecessor-version":[{"id":24943,"href":"https:\/\/www.egemtv.com\/index.php?rest_route=\/wp\/v2\/posts\/24941\/revisions\/24943"}],"wp:featuredmedia":[{"embeddable":true,"href":"https:\/\/www.egemtv.com\/index.php?rest_route=\/wp\/v2\/media\/24942"}],"wp:attachment":[{"href":"https:\/\/www.egemtv.com\/index.php?rest_route=%2Fwp%2Fv2%2Fmedia&parent=24941"}],"wp:term":[{"taxonomy":"category","embeddable":true,"href":"https:\/\/www.egemtv.com\/index.php?rest_route=%2Fwp%2Fv2%2Fcategories&post=24941"},{"taxonomy":"post_tag","embeddable":true,"href":"https:\/\/www.egemtv.com\/index.php?rest_route=%2Fwp%2Fv2%2Ftags&post=24941"}],"curies":[{"name":"wp","href":"https:\/\/api.w.org\/{rel}","templated":true}]}}