{"id":24938,"date":"2025-03-09T15:38:04","date_gmt":"2025-03-09T12:38:04","guid":{"rendered":"https:\/\/www.egemtv.com\/?p=24938"},"modified":"2025-03-09T15:38:08","modified_gmt":"2025-03-09T12:38:08","slug":"traktorun-altinda-kalan-sahis-hayatini-kaybetti","status":"publish","type":"post","link":"https:\/\/www.egemtv.com\/?p=24938","title":{"rendered":"Trakt\u00f6r\u00fcn alt\u0131nda kalan \u015fah\u0131s hayat\u0131n\u0131 kaybetti"},"content":{"rendered":"<p>Ayd\u0131n\u2019\u0131n Germencik il\u00e7esinde s\u00fcr\u00fcc\u00fcs\u00fcn\u00fcn direksiyon hakimiyetini kaybetmesi sonucu devrilen trakt\u00f6r\u00fcn alt\u0131nda kalan \u015fah\u0131s hayat\u0131n\u0131 kaybetti.<\/p>\n<p>Kaza, Habibler Mahallesi\u2019nde \u00f6\u011fle saatlerinde meydana geldi. Edinilen bilgiye g\u00f6re, 09 FZ 396 plakal\u0131 trakt\u00f6r ile bah\u00e7ede \u00e7al\u0131\u015fan H\u00fcsn\u00fc Balaban isimli \u015fah\u0131s hen\u00fcz bilinmeyen bir nedenle direksiyon hakimiyetini kaybetmesi sonucu devrilen trakt\u00f6r\u00fcn alt\u0131nda kald\u0131. Kazay\u0131 g\u00f6renler Balaban\u2019\u0131n yard\u0131m\u0131na ko\u015farken durum 112 Acil \u00c7a\u011fr\u0131 Merkezi\u2019ne bildirildi. \u0130hbar \u00fczerine b\u00f6lgeye sa\u011fl\u0131k, Ayd\u0131n B\u00fcy\u00fck\u015fehir Belediyesi \u0130tfaiye Daire Ba\u015fkanl\u0131\u011f\u0131 ekipleri ve jandarma ekipleri sevk edildi. K\u0131sa s\u00fcrede olay yerine gelen sa\u011fl\u0131k ekipleri vatanda\u015flar taraf\u0131ndan trakt\u00f6r alt\u0131ndan \u00e7\u0131kart\u0131lan Balaban\u2019\u0131n hayat\u0131n\u0131 kaybetti\u011fini tespit etti. Jandarma ekipleri b\u00f6lgede geni\u015f g\u00fcvenlik \u00f6nlemi al\u0131rken, Balaban\u2019\u0131n cans\u0131z bedeni gerekli olay yeri inceleme \u00e7al\u0131\u015fmalar\u0131n\u0131n ard\u0131ndan hastane morguna kald\u0131r\u0131ld\u0131.<\/p>\n<p>Olayla ilgili soru\u015fturma s\u00fcr\u00fcyor.<br \/><\/p>\n","protected":false},"excerpt":{"rendered":"<p>Ayd\u0131n\u2019\u0131n Germencik il\u00e7esinde s\u00fcr\u00fcc\u00fcs\u00fcn\u00fcn direksiyon hakimiyetini kaybetmesi sonucu devrilen trakt\u00f6r\u00fcn alt\u0131nda kalan \u015fah\u0131s hayat\u0131n\u0131 kaybetti. Kaza, Habibler Mahallesi\u2019nde \u00f6\u011fle saatlerinde meydana geldi. Edinilen bilgiye g\u00f6re, 09 FZ 396 plakal\u0131 trakt\u00f6r ile bah\u00e7ede \u00e7al\u0131\u015fan H\u00fcsn\u00fc Balaban isimli \u015fah\u0131s hen\u00fcz bilinmeyen bir nedenle direksiyon hakimiyetini kaybetmesi sonucu devrilen trakt\u00f6r\u00fcn alt\u0131nda kald\u0131. Kazay\u0131 g\u00f6renler Balaban\u2019\u0131n yard\u0131m\u0131na ko\u015farken durum&#8230;<\/p>\n","protected":false},"author":1,"featured_media":24939,"comment_status":"open","ping_status":"open","sticky":false,"template":"","format":"standard","meta":{"_crdt_document":"","footnotes":""},"categories":[5],"tags":[],"class_list":["post-24938","post","type-post","status-publish","format-standard","has-post-thumbnail","hentry","category-asayis"],"_links":{"self":[{"href":"https:\/\/www.egemtv.com\/index.php?rest_route=\/wp\/v2\/posts\/24938","targetHints":{"allow":["GET"]}}],"collection":[{"href":"https:\/\/www.egemtv.com\/index.php?rest_route=\/wp\/v2\/posts"}],"about":[{"href":"https:\/\/www.egemtv.com\/index.php?rest_route=\/wp\/v2\/types\/post"}],"author":[{"embeddable":true,"href":"https:\/\/www.egemtv.com\/index.php?rest_route=\/wp\/v2\/users\/1"}],"replies":[{"embeddable":true,"href":"https:\/\/www.egemtv.com\/index.php?rest_route=%2Fwp%2Fv2%2Fcomments&post=24938"}],"version-history":[{"count":1,"href":"https:\/\/www.egemtv.com\/index.php?rest_route=\/wp\/v2\/posts\/24938\/revisions"}],"predecessor-version":[{"id":24940,"href":"https:\/\/www.egemtv.com\/index.php?rest_route=\/wp\/v2\/posts\/24938\/revisions\/24940"}],"wp:featuredmedia":[{"embeddable":true,"href":"https:\/\/www.egemtv.com\/index.php?rest_route=\/wp\/v2\/media\/24939"}],"wp:attachment":[{"href":"https:\/\/www.egemtv.com\/index.php?rest_route=%2Fwp%2Fv2%2Fmedia&parent=24938"}],"wp:term":[{"taxonomy":"category","embeddable":true,"href":"https:\/\/www.egemtv.com\/index.php?rest_route=%2Fwp%2Fv2%2Fcategories&post=24938"},{"taxonomy":"post_tag","embeddable":true,"href":"https:\/\/www.egemtv.com\/index.php?rest_route=%2Fwp%2Fv2%2Ftags&post=24938"}],"curies":[{"name":"wp","href":"https:\/\/api.w.org\/{rel}","templated":true}]}}