{"id":24935,"date":"2025-03-09T14:46:28","date_gmt":"2025-03-09T11:46:28","guid":{"rendered":"https:\/\/www.egemtv.com\/?p=24935"},"modified":"2025-03-09T14:46:34","modified_gmt":"2025-03-09T11:46:34","slug":"kamyonetin-hurdaya-dondugu-kazada-yaralanan-surucu-yasama-15-gun-tutunabildi","status":"publish","type":"post","link":"https:\/\/www.egemtv.com\/?p=24935","title":{"rendered":"Kamyonetin hurdaya d\u00f6nd\u00fc\u011f\u00fc kazada yaralanan s\u00fcr\u00fcc\u00fc ya\u015fama 15 g\u00fcn tutunabildi"},"content":{"rendered":"<p>Denizli\u2019nin Buldan il\u00e7esinde ge\u00e7ti\u011fimiz g\u00fcnlerde kontrolden \u00e7\u0131karak orta ref\u00fcjdeki palmiye a\u011fac\u0131na \u00e7arpmas\u0131 sonucunda a\u011f\u0131r yaralanarak hastaneye kald\u0131r\u0131lan s\u00fcr\u00fcc\u00fc, 15 g\u00fcn yo\u011fun bak\u0131mda ya\u015fam m\u00fccadelesinin ard\u0131ndan hayat\u0131n\u0131 kaybetti.<\/p>\n<p>Kaza, ge\u00e7ti\u011fimiz g\u00fcnlerde Buldan il\u00e7esi D\u00f6rteyl\u00fcl Mahallesi\u2019nde meydana geldi. Edinilen bilgilere g\u00f6re, Ak\u00e7e\u015fme mevkiinde seyir halinde olan Musa \u00c7all\u0131 (29) idaresindeki 20 RS 006 plakal\u0131 kamyonet direksiyon hakimiyetini kaybettikten sonra \u00f6nce kald\u0131r\u0131ma ard\u0131ndan ise orta ref\u00fcjde bulunan palmiye a\u011fac\u0131na \u00e7arpt\u0131. Kamyonet \u00e7arpman\u0131n etkisiyle hurdaya d\u00f6nd\u00fc. Kazay\u0131 g\u00f6ren \u00e7evredeki vatanda\u015flar\u0131n ihbar\u0131 \u00fczerine b\u00f6lgeye itfaiye, sa\u011fl\u0131k ve jandarma ekipleri sevk edildi.<\/p>\n<p>B\u00f6lgeye gelen sa\u011fl\u0131k ekipleri kazada yaralanan Musa \u00c7all\u0131\u2019ya ilk m\u00fcdahalelerin ard\u0131ndan ambulans ile Buldan \tG\u00f6\u011f\u00fcs Hastal\u0131klar\u0131 Hastanesine sevk edildi. Yaral\u0131 \u00c7all\u0131 hastanede yap\u0131lan m\u00fcdahalelerin ard\u0131ndan Denizli\u2019deki hastaneye kald\u0131r\u0131ld\u0131. Denizli\u2019de 15 g\u00fcnd\u00fcr yo\u011fun bak\u0131mda hayat m\u00fccadelesi veren s\u00fcr\u00fcc\u00fc \u00c7all\u0131, yap\u0131lan t\u00fcm m\u00fcdahalelere ra\u011fmen hayat\u0131n\u0131 kaybetti. Hayat\u0131n\u0131 kaybeden gen\u00e7 s\u00fcr\u00fcc\u00fc Musa \u00c7all\u0131\u2019n\u0131n vefat haberini alan yak\u0131nlar\u0131na yasa bo\u011fdu.<br \/><\/p>\n","protected":false},"excerpt":{"rendered":"<p>Denizli\u2019nin Buldan il\u00e7esinde ge\u00e7ti\u011fimiz g\u00fcnlerde kontrolden \u00e7\u0131karak orta ref\u00fcjdeki palmiye a\u011fac\u0131na \u00e7arpmas\u0131 sonucunda a\u011f\u0131r yaralanarak hastaneye kald\u0131r\u0131lan s\u00fcr\u00fcc\u00fc, 15 g\u00fcn yo\u011fun bak\u0131mda ya\u015fam m\u00fccadelesinin ard\u0131ndan hayat\u0131n\u0131 kaybetti. Kaza, ge\u00e7ti\u011fimiz g\u00fcnlerde Buldan il\u00e7esi D\u00f6rteyl\u00fcl Mahallesi\u2019nde meydana geldi. Edinilen bilgilere g\u00f6re, Ak\u00e7e\u015fme mevkiinde seyir halinde olan Musa \u00c7all\u0131 (29) idaresindeki 20 RS 006 plakal\u0131 kamyonet direksiyon hakimiyetini&#8230;<\/p>\n","protected":false},"author":1,"featured_media":24936,"comment_status":"open","ping_status":"open","sticky":false,"template":"","format":"standard","meta":{"_crdt_document":"","footnotes":""},"categories":[5],"tags":[],"class_list":["post-24935","post","type-post","status-publish","format-standard","has-post-thumbnail","hentry","category-asayis"],"_links":{"self":[{"href":"https:\/\/www.egemtv.com\/index.php?rest_route=\/wp\/v2\/posts\/24935","targetHints":{"allow":["GET"]}}],"collection":[{"href":"https:\/\/www.egemtv.com\/index.php?rest_route=\/wp\/v2\/posts"}],"about":[{"href":"https:\/\/www.egemtv.com\/index.php?rest_route=\/wp\/v2\/types\/post"}],"author":[{"embeddable":true,"href":"https:\/\/www.egemtv.com\/index.php?rest_route=\/wp\/v2\/users\/1"}],"replies":[{"embeddable":true,"href":"https:\/\/www.egemtv.com\/index.php?rest_route=%2Fwp%2Fv2%2Fcomments&post=24935"}],"version-history":[{"count":1,"href":"https:\/\/www.egemtv.com\/index.php?rest_route=\/wp\/v2\/posts\/24935\/revisions"}],"predecessor-version":[{"id":24937,"href":"https:\/\/www.egemtv.com\/index.php?rest_route=\/wp\/v2\/posts\/24935\/revisions\/24937"}],"wp:featuredmedia":[{"embeddable":true,"href":"https:\/\/www.egemtv.com\/index.php?rest_route=\/wp\/v2\/media\/24936"}],"wp:attachment":[{"href":"https:\/\/www.egemtv.com\/index.php?rest_route=%2Fwp%2Fv2%2Fmedia&parent=24935"}],"wp:term":[{"taxonomy":"category","embeddable":true,"href":"https:\/\/www.egemtv.com\/index.php?rest_route=%2Fwp%2Fv2%2Fcategories&post=24935"},{"taxonomy":"post_tag","embeddable":true,"href":"https:\/\/www.egemtv.com\/index.php?rest_route=%2Fwp%2Fv2%2Ftags&post=24935"}],"curies":[{"name":"wp","href":"https:\/\/api.w.org\/{rel}","templated":true}]}}