{"id":24932,"date":"2025-03-09T14:26:54","date_gmt":"2025-03-09T11:26:54","guid":{"rendered":"https:\/\/www.egemtv.com\/?p=24932"},"modified":"2025-03-09T14:26:59","modified_gmt":"2025-03-09T11:26:59","slug":"milletvekili-un-kredi-batagina-neden-olan-tuketim-cilginligi-gelecegimizden-caliyor","status":"publish","type":"post","link":"https:\/\/www.egemtv.com\/?p=24932","title":{"rendered":"Milletvekili \u00dcn: &#8220;Kredi bata\u011f\u0131na neden olan t\u00fcketim \u00e7\u0131lg\u0131nl\u0131\u011f\u0131 gelece\u011fimizden \u00e7al\u0131yor&#8221;"},"content":{"rendered":"<p>Gelecek Partisi Denizli Milletvekili Sema Silkin \u00dcn, TBMM\u2019de yapt\u0131\u011f\u0131 konu\u015fmada, ya\u015fanan ekonomik s\u0131k\u0131nt\u0131lara ve buna ba\u011fl\u0131 olarak toplumun yozla\u015fmas\u0131na dikkat \u00e7ekti. Milletvekili \u00dcn, &#8220;Y\u0131lba\u015f\u0131ndan bu yana yasal takibe d\u00fc\u015fen toplam bat\u0131k kredi miktar\u0131 328 milyara f\u0131rlad\u0131. \u0130cradaki dosya say\u0131s\u0131 22.5 milyona ula\u015ft\u0131, bu da icral\u0131k olmayan hanemiz yok demektir&#8221; dedi.<br \/>\n<br \/>Denizli Milletvekili Sema Silkin \u00dcn, TBMM\u2019de yapt\u0131\u011f\u0131 konu\u015fmada ya\u015fanan ekonomik s\u0131k\u0131nt\u0131lara ve \u00f6denemeyen kredi bor\u00e7lar\u0131na dikkat \u00e7ekti. Halk\u0131n bor\u00e7 y\u00fck\u00fcn\u00fcn artmas\u0131yla birlikte toplumsal yozla\u015fman\u0131n da katmerlenerek artt\u0131\u011f\u0131na dikkat \u00e7eken Milletvekili \u00dcn, &#8220;Enflasyon, faiz, bor\u00e7 ve ahlak, bunlar kan karde\u015fler, ilk 3\u2019\u00fc varsa ahlaki yozla\u015fmay\u0131 engellemek m\u00fcmk\u00fcn olmuyor. Hangi e\u011fitim program\u0131n\u0131 uygularsan\u0131z uygulay\u0131n, hangi dine, hangi felsefeye sar\u0131l\u0131rsan\u0131z sar\u0131l\u0131n, enflasyon, faiz, bor\u00e7 sarmal\u0131 yozla\u015fmay\u0131 katmerliyor. \u00c7eteler, uyu\u015fturucu, illegal hayatlar gencecik nesilleri ku\u015fat\u0131yor, gelece\u011fimizi mahvediyor. Maalesef, 2017\u2019den sonra alt\u0131 y\u0131l boyunca enflasyon, faiz kur sarmal\u0131 i\u00e7inde her 3\u2019\u00fcne de tavan yapt\u0131rarak hem \u00fclke darbo\u011faza sokuldu hem vatanda\u015f\u0131n cebi, sofras\u0131 tarumar edildi hem de \u00fclkeyi bir m\u00fcsilaj a\u011f\u0131 gibi saran toplumsal yozla\u015fma katmerlendi. \u00d6yle a\u011f\u0131r bir kriz ki iki y\u0131ld\u0131r enflasyonla m\u00fccadele kaplumba\u011fa h\u0131z\u0131yla ger\u00e7ekle\u015fiyor. \u00d6yle b\u00fcy\u00fck bir y\u00fck ki kriz \u00e7almad\u0131k vatanda\u015f kap\u0131s\u0131 b\u0131rakm\u0131yor&#8221; ifadelerini kulland\u0131.<\/p>\n<p>&#8220;\u0130cral\u0131k dosyalar patlad\u0131&#8221;<br \/>\n<br \/>T\u00fcrkiye\u2019de sadece son iki haftada yasal takibe d\u00fc\u015fen t\u00fcketici kredisi borcunun 3,2 milyar liraya, kredi kart\u0131 borcunun da 3,6 milyar liraya y\u00fckseldi\u011fini hat\u0131rlatan Milletvekili \u00dcn, &#8220;Y\u0131lba\u015f\u0131ndan bu yana yasal takibe d\u00fc\u015fen toplam bat\u0131k kredi miktar\u0131 ge\u00e7en y\u0131la g\u00f6re y\u00fczde 70 artarak 328 milyara f\u0131rlad\u0131. Bireysel kredisini \u00f6deyemeyen, yasal takibe d\u00fc\u015fenler ge\u00e7en y\u0131la g\u00f6re y\u00fczde 56 artt\u0131, 303 bin ki\u015fi oldular. Kar\u015f\u0131l\u0131ks\u0131z \u00e7ek senet tutarlar\u0131 y\u00fczde 250 art\u0131\u015f g\u00f6sterdi. \u0130stanbul\u2019da kredi kart\u0131 sahiplerinin yar\u0131dan fazlas\u0131 borcunun tamam\u0131n\u0131 \u00f6deyemiyor, y\u00fczde 35\u2019i de asgarisinden \u00f6deyebiliyor. \u0130cradaki dosya say\u0131s\u0131 y\u00fczde 14 artt\u0131, 22 bu\u00e7uk milyon icra dosyas\u0131 demek, icral\u0131k olmayan hanemiz yok demektir. Takipteki krediler art\u0131yor, kredi kart\u0131 kullan\u0131m\u0131 y\u00fckseliyor, \u00f6deme oranlar\u0131 d\u00fc\u015f\u00fcyor. Konkordato ilanlar\u0131 rekor k\u0131r\u0131yor, iflas eden \u015firketlerin say\u0131s\u0131 art\u0131yor. Bunlar sadece bir veri de\u011fil, bunlar s\u00f6nen ocaklar, biten evlilikler, yar\u0131m kalan e\u011fitimler demek; bunlar gencin, emeklinin, asgari \u00fccretlinin cebindeki parayla birlikte hayallerinin de yok olmas\u0131 demek&#8221; \u015feklinde konu\u015ftu.<\/p>\n<p>&#8220;T\u00fcketim \u00e7\u0131lg\u0131nl\u0131\u011f\u0131 art\u0131yor&#8221;<br \/>\n<br \/>T\u00fcrkiye\u2019de s\u0131n\u0131flar aras\u0131nda olu\u015fan derin u\u00e7urumun t\u00fcketim \u00e7\u0131lg\u0131nl\u0131\u011f\u0131n\u0131 da beraberinde getirdi\u011fine dikkat \u00e7eken Milletvekili \u00dcn, &#8220;20 milyar dolarl\u0131k ithal mal t\u00fcketimi birka\u00e7 y\u0131lda 52 milyar dolar oldu. Buna kar\u015f\u0131l\u0131k, tek derdi ge\u00e7im olan, ayba\u015f\u0131n\u0131 ge\u00e7irmek i\u00e7in d\u00fc\u015ft\u00fc\u011f\u00fc denizin i\u00e7inden kartlara sar\u0131lan vatanda\u015flar\u0131n kulland\u0131\u011f\u0131 kredi kart\u0131 say\u0131s\u0131 bir y\u0131lda y\u00fczde 9 artarak 130 milyonu ge\u00e7ti. Bak\u0131n, bu kredi kart\u0131 bata\u011f\u0131, beraberinde bor\u00e7 bata\u011f\u0131, uyu\u015fturucu bata\u011f\u0131na e\u015f de\u011fer bir batak. \u0130n\u015fa etti\u011finiz veresiye hayatlar insan\u0131m\u0131z\u0131n gelece\u011finden \u00e7al\u0131yor. Takibe d\u00fc\u015fen dosya say\u0131s\u0131ndan anla\u015f\u0131laca\u011f\u0131 \u00fczere de veresi hayatlar\u0131n da sonunu getirdiniz. \u0130nsan\u0131m\u0131za olmayan paray\u0131 harcatt\u0131n\u0131z, \u015fimdi de pe\u015flerine d\u00fc\u015f\u00fcp faizin faizini tahsil etmeye \u00e7al\u0131\u015f\u0131yorsunuz. \u00dclke krizde, milyonlar sefalet i\u00e7inde ama 2021\u2019de ayda 1 milyar dolar olan araba ithalat\u0131 bug\u00fcn 3 milyar dolara y\u00fckselmi\u015f yani semirtti\u011fimiz ama enflasyonla ilgili su\u00e7lamada akl\u0131n\u0131za getirmedi\u011finiz kesimler t\u00fcketiyor, faturay\u0131 garip gureba \u00f6d\u00fcyor. 80 milyon insan, o birka\u00e7 milyonluk imtiyazl\u0131 az\u0131nl\u0131\u011fa para yeti\u015ftirmek i\u00e7in didiniyor ama yine de yetemiyorlar; i\u015fin \u00f6zeti budur. \u0130nsanlar\u0131m\u0131z\u0131n daha fazla ah\u0131n\u0131 almay\u0131n, olmayan paray\u0131 faizle \u00f6d\u00fcn\u00e7 vermeyin, daha fazla vebal almay\u0131n, emeklerinin kar\u015f\u0131l\u0131\u011f\u0131n\u0131 verin&#8221; dedi.<br \/><\/p>\n","protected":false},"excerpt":{"rendered":"<p>Gelecek Partisi Denizli Milletvekili Sema Silkin \u00dcn, TBMM\u2019de yapt\u0131\u011f\u0131 konu\u015fmada, ya\u015fanan ekonomik s\u0131k\u0131nt\u0131lara ve buna ba\u011fl\u0131 olarak toplumun yozla\u015fmas\u0131na dikkat \u00e7ekti. Milletvekili \u00dcn, &#8220;Y\u0131lba\u015f\u0131ndan bu yana yasal takibe d\u00fc\u015fen toplam bat\u0131k kredi miktar\u0131 328 milyara f\u0131rlad\u0131. \u0130cradaki dosya say\u0131s\u0131 22.5 milyona ula\u015ft\u0131, bu da icral\u0131k olmayan hanemiz yok demektir&#8221; dedi. Denizli Milletvekili Sema Silkin \u00dcn,&#8230;<\/p>\n","protected":false},"author":1,"featured_media":24933,"comment_status":"open","ping_status":"open","sticky":false,"template":"","format":"standard","meta":{"_crdt_document":"","footnotes":""},"categories":[127],"tags":[],"class_list":["post-24932","post","type-post","status-publish","format-standard","has-post-thumbnail","hentry","category-siyaset"],"_links":{"self":[{"href":"https:\/\/www.egemtv.com\/index.php?rest_route=\/wp\/v2\/posts\/24932","targetHints":{"allow":["GET"]}}],"collection":[{"href":"https:\/\/www.egemtv.com\/index.php?rest_route=\/wp\/v2\/posts"}],"about":[{"href":"https:\/\/www.egemtv.com\/index.php?rest_route=\/wp\/v2\/types\/post"}],"author":[{"embeddable":true,"href":"https:\/\/www.egemtv.com\/index.php?rest_route=\/wp\/v2\/users\/1"}],"replies":[{"embeddable":true,"href":"https:\/\/www.egemtv.com\/index.php?rest_route=%2Fwp%2Fv2%2Fcomments&post=24932"}],"version-history":[{"count":1,"href":"https:\/\/www.egemtv.com\/index.php?rest_route=\/wp\/v2\/posts\/24932\/revisions"}],"predecessor-version":[{"id":24934,"href":"https:\/\/www.egemtv.com\/index.php?rest_route=\/wp\/v2\/posts\/24932\/revisions\/24934"}],"wp:featuredmedia":[{"embeddable":true,"href":"https:\/\/www.egemtv.com\/index.php?rest_route=\/wp\/v2\/media\/24933"}],"wp:attachment":[{"href":"https:\/\/www.egemtv.com\/index.php?rest_route=%2Fwp%2Fv2%2Fmedia&parent=24932"}],"wp:term":[{"taxonomy":"category","embeddable":true,"href":"https:\/\/www.egemtv.com\/index.php?rest_route=%2Fwp%2Fv2%2Fcategories&post=24932"},{"taxonomy":"post_tag","embeddable":true,"href":"https:\/\/www.egemtv.com\/index.php?rest_route=%2Fwp%2Fv2%2Ftags&post=24932"}],"curies":[{"name":"wp","href":"https:\/\/api.w.org\/{rel}","templated":true}]}}