{"id":24929,"date":"2025-03-09T14:07:47","date_gmt":"2025-03-09T11:07:47","guid":{"rendered":"https:\/\/www.egemtv.com\/?p=24929"},"modified":"2025-03-09T14:07:51","modified_gmt":"2025-03-09T11:07:51","slug":"baskan-denizli-gucluyuz-ve-dunyayi-degistirebilecek-guce-sahibiz","status":"publish","type":"post","link":"https:\/\/www.egemtv.com\/?p=24929","title":{"rendered":"Ba\u015fkan Denizli: &#8220;G\u00fc\u00e7l\u00fcy\u00fcz ve d\u00fcnyay\u0131 de\u011fi\u015ftirebilecek g\u00fcce sahibiz&#8221;"},"content":{"rendered":"<p>\u00c7e\u015fme Belediyesi, 8 Mart D\u00fcnya Emek\u00e7i Kad\u0131nlar G\u00fcn\u00fc kapsam\u0131nda \u00e7e\u015fitli etkinlikler d\u00fczenledi. Ba\u015fkan Lal Denizli, &#8220;Biz kad\u0131nlar olarak, kad\u0131n\u0131n g\u00fcc\u00fcyle, inanc\u0131yla, erdemiyle \u00f6zg\u00fcrl\u00fcklerimize sonuna kadar sahip \u00e7\u0131kaca\u011f\u0131z. Kazan\u0131lm\u0131\u015f haklar\u0131m\u0131z\u0131 sonuna kadar koruyaca\u011f\u0131z. Biz g\u00fc\u00e7l\u00fcy\u00fcz ve d\u00fcnyay\u0131 de\u011fi\u015ftirebilecek g\u00fcce sahibiz&#8221; dedi.<br \/>\n<br \/>\u00c7e\u015fme Belediyesi, 8 Mart D\u00fcnya Emek\u00e7i Kad\u0131nlar G\u00fcn\u00fc kapsam\u0131nda 5-8 Mart tarihlerinde il\u00e7e genelinde \u00e7e\u015fitli etkinlikler d\u00fczenledi. Program\u0131n son g\u00fcn\u00fc Aya Haralambos K\u00fclt\u00fcr Merkezi\u2019nde ger\u00e7ekle\u015ftirilen etkinlikler ile devam etti. Programa, il\u00e7e protokol\u00fc, siyasi parti temsilcileri, sivil toplum kurulu\u015fu \u00fcyeleri, oda ve dernek temsilcileri ile \u00e7ok say\u0131da yurtta\u015f kat\u0131ld\u0131. G\u00fcn boyu s\u00fcren etkinlikler, \u00c7e\u015fme Kad\u0131n Dayan\u0131\u015fma Derne\u011fi\u2019nin (\u00c7EKADDER) koro dinletisi ile ba\u015flad\u0131. Ard\u0131ndan, \u00c7e\u015fme Belediye Ba\u015fkan\u0131 Lal Denizli\u2019nin moderat\u00f6rl\u00fc\u011f\u00fcnde edebiyat\u0131n ve m\u00fczi\u011fin usta ismi Z\u00fclf\u00fc Livaneli ile &#8220;Kad\u0131nlar G\u00fcn\u00fc ve Modern Toplum S\u00f6yle\u015fisi&#8221; ger\u00e7ekle\u015ftirildi.<\/p>\n<p>&#8220;T\u00fcrkiye\u2019ye, umuda ve kad\u0131na dair sohbet etmek b\u00fcy\u00fck bir mutluluk&#8221;<br \/>\n<br \/>Ba\u015fkan Denizli, &#8220;Sadece \u00fclkemizde de\u011fil d\u00fcnyaya mal olmu\u015f sizin gibi b\u00fcy\u00fck bir de\u011ferle bir ayd\u0131n ile yan yana olmak T\u00fcrkiye\u2019ye, umuda ve kad\u0131na dair sohbet etmek b\u00fcy\u00fck bir mutluluk&#8221; diyerek yazar ve m\u00fczisyen Z\u00fclf\u00fc Livaneli\u2019ye te\u015fekk\u00fcr etti. Denizli, Livaneli\u2019ye sak\u0131z a\u011fac\u0131 fidan\u0131 takdim etti. Ard\u0131ndan, 6 \u015eubat 2023\u2019te meydana gelen deprem felaketinin ard\u0131ndan Ad\u0131yaman\u2019da bir araya gelen 19 kad\u0131n\u0131n, ya\u015fad\u0131klar\u0131 y\u0131k\u0131m\u0131, m\u00fccadelelerini ve yeniden aya\u011fa kalk\u0131\u015flar\u0131n\u0131, kendi sesleri ile anlatt\u0131\u011f\u0131 Ad\u0131yaman Belediyesi Belgesel Film At\u00f6lyesi taraf\u0131ndan haz\u0131rlanan &#8220;04.17 Belgesel G\u00f6sterimi&#8221; ile devam eden etkinlik, gece y\u00fcr\u00fcy\u00fc\u015f\u00fc ile son buldu.<br \/>\n<br \/>Ba\u015fkan Denizli; y\u00fcr\u00fcy\u00fc\u015f\u00fcn ard\u0131ndan yapt\u0131\u011f\u0131 konu\u015fmada, kad\u0131nlar\u0131n kazan\u0131lm\u0131\u015f haklar\u0131ndan asla vazge\u00e7meyece\u011fini belirterek, &#8220;Kad\u0131n bedeni \u00fczerinden siyaset yapmaya \u00e7al\u0131\u015fanlara asla m\u00fcsaade etmeyece\u011fiz. Biz kad\u0131nlar olarak g\u00fcc\u00fcm\u00fczle, inanc\u0131m\u0131zla, erdemimizle \u00f6zg\u00fcrl\u00fcklerimize sahip \u00e7\u0131kaca\u011f\u0131z. Kad\u0131nlar\u0131n k\u0131yafeti \u00fczerinden siyasi \u00e7\u0131kar elde etmeye \u00e7al\u0131\u015fanlara, siyasi s\u00f6ylemler \u00fcretmeye \u00e7al\u0131\u015fanlara asla f\u0131rsat vermeyece\u011fiz. Biz kad\u0131nlar olarak, kad\u0131n\u0131n g\u00fcc\u00fcyle, inanc\u0131yla, erdemiyle \u00f6zg\u00fcrl\u00fcklerimize sahip \u00e7\u0131kaca\u011f\u0131z. Sonuna kadar sahip \u00e7\u0131kaca\u011f\u0131z. Kazan\u0131lm\u0131\u015f haklar\u0131m\u0131z\u0131 sonuna kadar koruyaca\u011f\u0131z. Sesimizi asla k\u0131samayacaklar. Biz g\u00fc\u00e7l\u00fcy\u00fcz. Biz g\u00fc\u00e7l\u00fcy\u00fcz ve d\u00fcnyay\u0131 de\u011fi\u015ftirebilecek g\u00fcce sahibiz. Bizler var olduk\u00e7a, \u00fclkemizde bizi susturamayacaklar. Asla susturamayacaklar. Haklar\u0131m\u0131za sonuna kadar sahip \u00e7\u0131kaca\u011f\u0131z ve dayan\u0131\u015fmayla, hep birlikte kazan\u0131lm\u0131\u015f haklar\u0131m\u0131z\u0131 koruyaca\u011f\u0131z&#8221; dedi.<\/p>\n<p>&#8220;Sanatla toplumun sesini duyuruyorlar&#8221;<br \/>\n<br \/>T\u00fcrkiye\u2019nin farkl\u0131 b\u00f6lgelerinden gelen kad\u0131nlar\u0131n etkinli\u011fe kat\u0131ld\u0131\u011f\u0131n\u0131 s\u00f6yleyen Denizli, \u00f6zellikle Ad\u0131yaman\u2019dan gelen depremzede kad\u0131nlar\u0131n sanat yoluyla seslerini duyurdu\u011funu belirterek, \u015funlar\u0131 kaydetti:<br \/>\n<br \/>&#8220;Ad\u0131yaman\u2019da deprem ma\u011fduru olan k\u0131ymetli kad\u0131nlar\u0131m\u0131z burada. Depremin b\u00fct\u00fcn karanl\u0131\u011f\u0131n\u0131 kente \u00e7\u00f6km\u00fc\u015f o karanl\u0131\u011f\u0131 sanatla kad\u0131n hikayeleriyle ayd\u0131nlatmaya \u00e7al\u0131\u015f\u0131yorlar. 19 y\u00fcrekli kad\u0131n b\u00fct\u00fcn Ad\u0131yaman\u2019\u0131n sesi oluyorlar. Bug\u00fcn bize sanatla seslendiler. \u00dclkemiz tarihinin en karanl\u0131k en ac\u0131 tecr\u00fcbesini ya\u015fad\u0131\u011f\u0131m\u0131z 6 \u015eubat tarihine sanatla \u0131\u015f\u0131k tuttular. Sanatla toplumun sesini duyuruyorlar. D\u00fcne kadar onlar belki film yapmay\u0131 bilmiyorlard\u0131 ama \u00f6\u011frendiler. Yapamazs\u0131n diyen erkek zihniyetine ra\u011fmen \u00f6\u011frendiler.&#8221;<\/p>\n<p>&#8220;Bizim sesimizi k\u0131samayacaklar&#8221;<br \/>\n<br \/>&#8220;Biz erkek zihniyetiyle m\u00fccadele ederken, erkek yol arkada\u015flar\u0131m\u0131z\u0131 da yan\u0131m\u0131zda istiyoruz&#8221; diyen Denizli, &#8220;\u00d6nce onlar de\u011fi\u015fecek, bizler \u00f6zg\u00fcrle\u015fece\u011fiz arkada\u015flar. Bizler \u00f6zg\u00fcrle\u015fece\u011fiz. Bizi farkl\u0131 renklerimizle, farkl\u0131 seslerimizle duymaya al\u0131\u015facaklar. Bizim sesimizi k\u0131samayacaklar. Sesimiz, \u015fimdi oldu\u011fu gibi, sadece sloganlar\u0131m\u0131z\u0131 hayk\u0131r\u0131rken k\u0131s\u0131l\u0131r. Ve biz, t\u00fcm yol arkada\u015flar\u0131m\u0131zla, \u00c7e\u015fme\u2019deki b\u00fct\u00fcn kad\u0131nlarla haklar\u0131m\u0131z\u0131 anlatmaya, haklar\u0131m\u0131zdan bahsetmeye, \u015fiddete kar\u015f\u0131 dimdik durmaya ve toplumdaki t\u00fcm kad\u0131nlar\u0131n yan\u0131nda olmaya devam edece\u011fiz. Devam etmek zorunday\u0131z&#8221; \u015feklinde konu\u015ftu.<br \/>\n<br \/>&#8220;Bir \u00fclkede kad\u0131nlar erkek \u015fiddeti sonucunda katlediliyorsa, 8 Mart D\u00fcnya Emek\u00e7i Kad\u0131nlar G\u00fcn\u00fc \u015fimdilik bir bilin\u00e7lenme g\u00fcn\u00fc olur&#8221; ifadesini kullanan Denizli, s\u00f6zlerini \u015f\u00f6yle noktalad\u0131:<br \/>\n<br \/>&#8220;Bilin\u00e7lenece\u011fiz, dinleyece\u011fiz, hikayeleri \u00f6\u011frenece\u011fiz. Ancak kad\u0131nlar\u0131n katledilmesi son buldu\u011funda, biz 8 Mart\u2019\u0131 hak etti\u011fi \u015fekilde kutlayaca\u011f\u0131z. O g\u00fcne kadar haklar\u0131m\u0131z\u0131 hayk\u0131rmaya, \u0130stanbul S\u00f6zle\u015fmesi ya\u015fat\u0131r demeye ve \u0130stanbul S\u00f6zle\u015fmesi\u2019ne sahip \u00e7\u0131kmaya devam edece\u011fiz. \u0130yi ki vars\u0131n\u0131z kad\u0131nlar. T\u00fcrkiye\u2019nin bat\u0131s\u0131ndan do\u011fusuna, Karadeniz\u2019inden Ege\u2019sine her yere, \u00c7e\u015fme\u2019den selam olsun&#8221;<br \/><\/p>\n","protected":false},"excerpt":{"rendered":"<p>\u00c7e\u015fme Belediyesi, 8 Mart D\u00fcnya Emek\u00e7i Kad\u0131nlar G\u00fcn\u00fc kapsam\u0131nda \u00e7e\u015fitli etkinlikler d\u00fczenledi. Ba\u015fkan Lal Denizli, &#8220;Biz kad\u0131nlar olarak, kad\u0131n\u0131n g\u00fcc\u00fcyle, inanc\u0131yla, erdemiyle \u00f6zg\u00fcrl\u00fcklerimize sonuna kadar sahip \u00e7\u0131kaca\u011f\u0131z. Kazan\u0131lm\u0131\u015f haklar\u0131m\u0131z\u0131 sonuna kadar koruyaca\u011f\u0131z. Biz g\u00fc\u00e7l\u00fcy\u00fcz ve d\u00fcnyay\u0131 de\u011fi\u015ftirebilecek g\u00fcce sahibiz&#8221; dedi. \u00c7e\u015fme Belediyesi, 8 Mart D\u00fcnya Emek\u00e7i Kad\u0131nlar G\u00fcn\u00fc kapsam\u0131nda 5-8 Mart tarihlerinde il\u00e7e genelinde \u00e7e\u015fitli&#8230;<\/p>\n","protected":false},"author":1,"featured_media":24930,"comment_status":"open","ping_status":"open","sticky":false,"template":"","format":"standard","meta":{"_crdt_document":"","footnotes":""},"categories":[1],"tags":[],"class_list":["post-24929","post","type-post","status-publish","format-standard","has-post-thumbnail","hentry","category-guncel"],"_links":{"self":[{"href":"https:\/\/www.egemtv.com\/index.php?rest_route=\/wp\/v2\/posts\/24929","targetHints":{"allow":["GET"]}}],"collection":[{"href":"https:\/\/www.egemtv.com\/index.php?rest_route=\/wp\/v2\/posts"}],"about":[{"href":"https:\/\/www.egemtv.com\/index.php?rest_route=\/wp\/v2\/types\/post"}],"author":[{"embeddable":true,"href":"https:\/\/www.egemtv.com\/index.php?rest_route=\/wp\/v2\/users\/1"}],"replies":[{"embeddable":true,"href":"https:\/\/www.egemtv.com\/index.php?rest_route=%2Fwp%2Fv2%2Fcomments&post=24929"}],"version-history":[{"count":1,"href":"https:\/\/www.egemtv.com\/index.php?rest_route=\/wp\/v2\/posts\/24929\/revisions"}],"predecessor-version":[{"id":24931,"href":"https:\/\/www.egemtv.com\/index.php?rest_route=\/wp\/v2\/posts\/24929\/revisions\/24931"}],"wp:featuredmedia":[{"embeddable":true,"href":"https:\/\/www.egemtv.com\/index.php?rest_route=\/wp\/v2\/media\/24930"}],"wp:attachment":[{"href":"https:\/\/www.egemtv.com\/index.php?rest_route=%2Fwp%2Fv2%2Fmedia&parent=24929"}],"wp:term":[{"taxonomy":"category","embeddable":true,"href":"https:\/\/www.egemtv.com\/index.php?rest_route=%2Fwp%2Fv2%2Fcategories&post=24929"},{"taxonomy":"post_tag","embeddable":true,"href":"https:\/\/www.egemtv.com\/index.php?rest_route=%2Fwp%2Fv2%2Ftags&post=24929"}],"curies":[{"name":"wp","href":"https:\/\/api.w.org\/{rel}","templated":true}]}}