{"id":24926,"date":"2025-03-09T14:07:43","date_gmt":"2025-03-09T11:07:43","guid":{"rendered":"https:\/\/www.egemtv.com\/?p=24926"},"modified":"2025-03-09T14:07:47","modified_gmt":"2025-03-09T11:07:47","slug":"tavsanli-cinar-spor-kulubunden-kadinlar-gunune-ozel-etkinlik","status":"publish","type":"post","link":"https:\/\/www.egemtv.com\/?p=24926","title":{"rendered":"Tav\u015fanl\u0131 \u00c7\u0131nar Spor Kul\u00fcb\u00fc\u2019nden kad\u0131nlar g\u00fcn\u00fcne \u00f6zel etkinlik"},"content":{"rendered":"<p>K\u00fctahya\u2019n\u0131n Tav\u015fanl\u0131 il\u00e7esinde Tav\u015fanl\u0131 \u00c7\u0131nar Spor Kul\u00fcb\u00fc, 8 Mart D\u00fcnya Kad\u0131nlar G\u00fcn\u00fc\u2019ne \u00f6zel d\u00fczenledi\u011fi etkinlikle b\u00fcy\u00fck be\u011feni toplad\u0131.<br \/>\n<br \/>Tav\u015fanl\u0131 \u00c7\u0131nar Spor Kul\u00fcb\u00fc Ba\u015fkan\u0131 ve antren\u00f6r\u00fc Abdullah \u00c7\u0131nar\u2019\u0131n \u00f6nc\u00fcl\u00fc\u011f\u00fcnde ger\u00e7ekle\u015ftirilen program, e\u011flence, oyun ve m\u00fczik temas\u0131yla kad\u0131nlara unutulmaz bir g\u00fcn ya\u015fatt\u0131. Etkinli\u011fe kat\u0131l\u0131m\u0131n yo\u011fun oldu\u011fu g\u00f6zlendi.<br \/>\n<br \/>Ama\u00e7lar\u0131n\u0131n kad\u0131nlara g\u00fczel bir an\u0131 b\u0131rakmak oldu\u011funu vurgulayan Abdullah \u00c7\u0131nar, &#8220;8 Mart D\u00fcnya Kad\u0131nlar G\u00fcn\u00fc dolay\u0131s\u0131yla Tav\u015fanl\u0131 \u00c7\u0131nar Spor olarak bir etkinlik haz\u0131rlad\u0131k. E\u011flence, oyun, m\u00fczik temas\u0131yla haz\u0131rlad\u0131\u011f\u0131m\u0131z program\u0131m\u0131za yo\u011fun bir kat\u0131l\u0131m oldu. Bizleri k\u0131rmay\u0131p gelen b\u00fct\u00fcn kad\u0131nlar\u0131m\u0131za te\u015fekk\u00fcr ederiz. Amac\u0131m\u0131z g\u00fczel bir an\u0131 olu\u015fturmakt\u0131. \u0130nan\u0131yorum ki bug\u00fcn bu etkinli\u011fimize kat\u0131lan b\u00fct\u00fcn herkes \u00e7ok mutlu ve memnun ayr\u0131ld\u0131&#8221; dedi.<br \/>\n<br \/>Etkinli\u011fe kat\u0131lan kad\u0131nlar da Tav\u015fanl\u0131 \u00c7\u0131nar Spor Kul\u00fcb\u00fc\u2019ne te\u015fekk\u00fcr ederek, \u00e7ok keyifli bir g\u00fcn ge\u00e7irdiklerini ifade ettiler.<br \/><\/p>\n","protected":false},"excerpt":{"rendered":"<p>K\u00fctahya\u2019n\u0131n Tav\u015fanl\u0131 il\u00e7esinde Tav\u015fanl\u0131 \u00c7\u0131nar Spor Kul\u00fcb\u00fc, 8 Mart D\u00fcnya Kad\u0131nlar G\u00fcn\u00fc\u2019ne \u00f6zel d\u00fczenledi\u011fi etkinlikle b\u00fcy\u00fck be\u011feni toplad\u0131. Tav\u015fanl\u0131 \u00c7\u0131nar Spor Kul\u00fcb\u00fc Ba\u015fkan\u0131 ve antren\u00f6r\u00fc Abdullah \u00c7\u0131nar\u2019\u0131n \u00f6nc\u00fcl\u00fc\u011f\u00fcnde ger\u00e7ekle\u015ftirilen program, e\u011flence, oyun ve m\u00fczik temas\u0131yla kad\u0131nlara unutulmaz bir g\u00fcn ya\u015fatt\u0131. Etkinli\u011fe kat\u0131l\u0131m\u0131n yo\u011fun oldu\u011fu g\u00f6zlendi. Ama\u00e7lar\u0131n\u0131n kad\u0131nlara g\u00fczel bir an\u0131 b\u0131rakmak oldu\u011funu vurgulayan Abdullah \u00c7\u0131nar,&#8230;<\/p>\n","protected":false},"author":1,"featured_media":24927,"comment_status":"open","ping_status":"open","sticky":false,"template":"","format":"standard","meta":{"_crdt_document":"","footnotes":""},"categories":[4],"tags":[],"class_list":["post-24926","post","type-post","status-publish","format-standard","has-post-thumbnail","hentry","category-spor"],"_links":{"self":[{"href":"https:\/\/www.egemtv.com\/index.php?rest_route=\/wp\/v2\/posts\/24926","targetHints":{"allow":["GET"]}}],"collection":[{"href":"https:\/\/www.egemtv.com\/index.php?rest_route=\/wp\/v2\/posts"}],"about":[{"href":"https:\/\/www.egemtv.com\/index.php?rest_route=\/wp\/v2\/types\/post"}],"author":[{"embeddable":true,"href":"https:\/\/www.egemtv.com\/index.php?rest_route=\/wp\/v2\/users\/1"}],"replies":[{"embeddable":true,"href":"https:\/\/www.egemtv.com\/index.php?rest_route=%2Fwp%2Fv2%2Fcomments&post=24926"}],"version-history":[{"count":1,"href":"https:\/\/www.egemtv.com\/index.php?rest_route=\/wp\/v2\/posts\/24926\/revisions"}],"predecessor-version":[{"id":24928,"href":"https:\/\/www.egemtv.com\/index.php?rest_route=\/wp\/v2\/posts\/24926\/revisions\/24928"}],"wp:featuredmedia":[{"embeddable":true,"href":"https:\/\/www.egemtv.com\/index.php?rest_route=\/wp\/v2\/media\/24927"}],"wp:attachment":[{"href":"https:\/\/www.egemtv.com\/index.php?rest_route=%2Fwp%2Fv2%2Fmedia&parent=24926"}],"wp:term":[{"taxonomy":"category","embeddable":true,"href":"https:\/\/www.egemtv.com\/index.php?rest_route=%2Fwp%2Fv2%2Fcategories&post=24926"},{"taxonomy":"post_tag","embeddable":true,"href":"https:\/\/www.egemtv.com\/index.php?rest_route=%2Fwp%2Fv2%2Ftags&post=24926"}],"curies":[{"name":"wp","href":"https:\/\/api.w.org\/{rel}","templated":true}]}}