{"id":24923,"date":"2025-03-09T14:07:39","date_gmt":"2025-03-09T11:07:39","guid":{"rendered":"https:\/\/www.egemtv.com\/?p=24923"},"modified":"2025-03-09T14:07:43","modified_gmt":"2025-03-09T11:07:43","slug":"yunusemre-100-yil-meydaninda-iftar-sofrasi-kurdu","status":"publish","type":"post","link":"https:\/\/www.egemtv.com\/?p=24923","title":{"rendered":"Yunusemre 100. Y\u0131l Meydan\u0131\u2019nda iftar sofras\u0131 kurdu"},"content":{"rendered":"<p>Yunusemre Belediyesi, Ramazan ay\u0131n\u0131n bereketini ve birlikteli\u011fini payla\u015fmak amac\u0131yla kurdu\u011fu iftar sofralar\u0131nda vatanda\u015flar\u0131 a\u011f\u0131rlamaya devam ediyor. 100. Y\u0131l Meydan\u0131\u2019nda d\u00fczenlenen iftar program\u0131nda, her ya\u015ftan vatanda\u015f bir araya gelerek oru\u00e7lar\u0131n\u0131 hep birlikte a\u00e7t\u0131.<br \/>\n<br \/>Yunusemre Belediyesi, 100. Y\u0131l Meydan\u0131\u2019nda Manisa B\u00fcy\u00fck\u015fehir Belediyesi ile birlikte kurdu\u011fu iftar sofras\u0131nda vatanda\u015flar\u0131 konuk etti. \u0130ftar program\u0131na Yunusemre Belediye Ba\u015fkan Yard\u0131mc\u0131lar\u0131 Ali Kuyumcu, Hakan G\u00fcrtunca ve Emine \u00d6zge Arslan\u2019\u0131n yan\u0131 s\u0131ra belediyenin daire m\u00fcd\u00fcrleri de kat\u0131ld\u0131. Ba\u015fkan Yard\u0131mc\u0131lar\u0131 G\u00fcrtunca ve Arslan, iftar \u00f6ncesinde masalar\u0131 tek tek dola\u015farak vatanda\u015flarla sohbet etti, onlar\u0131n taleplerini dinledi. Ayn\u0131 zamanda 8 Mart D\u00fcnya Emek\u00e7i Kad\u0131nlar G\u00fcn\u00fc dolay\u0131s\u0131yla iftara kat\u0131lan kad\u0131nlar\u0131n g\u00fcn\u00fcn\u00fc kutlayarak, kad\u0131nlar\u0131n toplumdaki de\u011ferine vurgu yapt\u0131.<br \/>\n<br \/>Program, Ramazan ay\u0131n\u0131n ruhuna uygun etkinliklerle renklendi. \u0130ftar \u00f6ncesinde tasavvuf m\u00fczi\u011fi konseri sunulurken, semazen g\u00f6sterisi ise vatanda\u015flara huzur dolu anlar ya\u015fatt\u0131. Programda sirk ve kukla g\u00f6sterisiyle \u00e7ocuklar da unutulmad\u0131. Edilen dualar\u0131n ard\u0131ndan oru\u00e7lar\u0131n\u0131 a\u00e7an vatanda\u015flar, yemek sonras\u0131 100. Y\u0131l Meydan\u0131\u2019nda kurulan \u00e7ar\u015f\u0131y\u0131 gezerek al\u0131\u015fveri\u015f yapma f\u0131rsat\u0131 buldu.<br \/>\n<br \/>Vatanda\u015flara seslenen Yunusemre Belediye Ba\u015fkan Yard\u0131mc\u0131s\u0131 Hakan G\u00fcrtunca, Ramazan ay\u0131n\u0131n en g\u00fczel \u015fekilde ya\u015fanmas\u0131 i\u00e7in belediye olarak yo\u011fun bir \u015fekilde \u00e7al\u0131\u015ft\u0131klar\u0131n\u0131 belirtti. G\u00fcrtunca konu\u015fmas\u0131nda \u015fu ifadelere yer verdi: &#8220;Ramazan ay\u0131, birlik ve beraberli\u011fin en g\u00fc\u00e7l\u00fc hissedildi\u011fi, payla\u015fman\u0131n ve dayan\u0131\u015fman\u0131n artt\u0131\u011f\u0131 bir ayd\u0131r. Yunusemre Belediyesi olarak, vatanda\u015flar\u0131m\u0131zla bu m\u00fcbarek ay\u0131n manevi atmosferini payla\u015fmak, sofralar\u0131m\u0131z\u0131 bereketlendirmek i\u00e7in yo\u011fun mesai harc\u0131yoruz. \u0130ftar sofralar\u0131m\u0131zda bir araya gelerek Ramazan\u2019\u0131n huzurunu birlikte ya\u015famaya devam edece\u011fiz.&#8221;<br \/><\/p>\n","protected":false},"excerpt":{"rendered":"<p>Yunusemre Belediyesi, Ramazan ay\u0131n\u0131n bereketini ve birlikteli\u011fini payla\u015fmak amac\u0131yla kurdu\u011fu iftar sofralar\u0131nda vatanda\u015flar\u0131 a\u011f\u0131rlamaya devam ediyor. 100. Y\u0131l Meydan\u0131\u2019nda d\u00fczenlenen iftar program\u0131nda, her ya\u015ftan vatanda\u015f bir araya gelerek oru\u00e7lar\u0131n\u0131 hep birlikte a\u00e7t\u0131. Yunusemre Belediyesi, 100. Y\u0131l Meydan\u0131\u2019nda Manisa B\u00fcy\u00fck\u015fehir Belediyesi ile birlikte kurdu\u011fu iftar sofras\u0131nda vatanda\u015flar\u0131 konuk etti. \u0130ftar program\u0131na Yunusemre Belediye Ba\u015fkan Yard\u0131mc\u0131lar\u0131 Ali&#8230;<\/p>\n","protected":false},"author":1,"featured_media":24924,"comment_status":"open","ping_status":"open","sticky":false,"template":"","format":"standard","meta":{"_crdt_document":"","footnotes":""},"categories":[1],"tags":[],"class_list":["post-24923","post","type-post","status-publish","format-standard","has-post-thumbnail","hentry","category-guncel"],"_links":{"self":[{"href":"https:\/\/www.egemtv.com\/index.php?rest_route=\/wp\/v2\/posts\/24923","targetHints":{"allow":["GET"]}}],"collection":[{"href":"https:\/\/www.egemtv.com\/index.php?rest_route=\/wp\/v2\/posts"}],"about":[{"href":"https:\/\/www.egemtv.com\/index.php?rest_route=\/wp\/v2\/types\/post"}],"author":[{"embeddable":true,"href":"https:\/\/www.egemtv.com\/index.php?rest_route=\/wp\/v2\/users\/1"}],"replies":[{"embeddable":true,"href":"https:\/\/www.egemtv.com\/index.php?rest_route=%2Fwp%2Fv2%2Fcomments&post=24923"}],"version-history":[{"count":1,"href":"https:\/\/www.egemtv.com\/index.php?rest_route=\/wp\/v2\/posts\/24923\/revisions"}],"predecessor-version":[{"id":24925,"href":"https:\/\/www.egemtv.com\/index.php?rest_route=\/wp\/v2\/posts\/24923\/revisions\/24925"}],"wp:featuredmedia":[{"embeddable":true,"href":"https:\/\/www.egemtv.com\/index.php?rest_route=\/wp\/v2\/media\/24924"}],"wp:attachment":[{"href":"https:\/\/www.egemtv.com\/index.php?rest_route=%2Fwp%2Fv2%2Fmedia&parent=24923"}],"wp:term":[{"taxonomy":"category","embeddable":true,"href":"https:\/\/www.egemtv.com\/index.php?rest_route=%2Fwp%2Fv2%2Fcategories&post=24923"},{"taxonomy":"post_tag","embeddable":true,"href":"https:\/\/www.egemtv.com\/index.php?rest_route=%2Fwp%2Fv2%2Ftags&post=24923"}],"curies":[{"name":"wp","href":"https:\/\/api.w.org\/{rel}","templated":true}]}}