{"id":24920,"date":"2025-03-09T13:47:08","date_gmt":"2025-03-09T10:47:08","guid":{"rendered":"https:\/\/www.egemtv.com\/?p=24920"},"modified":"2025-03-09T13:47:11","modified_gmt":"2025-03-09T10:47:11","slug":"kaymakam-dalak-iftarlarda-sehit-aileleri-ve-gazilere-konuk-oluyor","status":"publish","type":"post","link":"https:\/\/www.egemtv.com\/?p=24920","title":{"rendered":"Kaymakam Dalak iftarlarda \u015fehit aileleri ve gazilere konuk oluyor"},"content":{"rendered":"<p>Sar\u0131g\u00f6l Kaymakam\u0131 Halil Dalak, e\u015fi Ayfer Dalak ile birlikte Ramazan ay\u0131 s\u00fcresince \u015fehit ve gazi ailelerini ziyaret ederek birlikte iftar yeme\u011finde bir araya geliyor.<br \/>\n<br \/>Sar\u0131g\u00f6l Kaymakam\u0131 Halil Dalak ve E\u015fi Ayfer Dalak\u2019\u0131n \u015fehit ve gazi ailelerinin evlerinde iftar yeme\u011finde bulu\u015fmalar\u0131 hem \u015fehit ailelerini hem gazi ve gazi ailelerini mutlu etti.<br \/>\n<br \/>Ramazan ay\u0131 boyunca il\u00e7e merkezi ve k\u0131rsal mahallelerde ya\u015fayan \u015fehit aileleri ile gazi ve aileleriyle iftar bulu\u015fmalar\u0131na devam edeceklerini kaydeden Sar\u0131g\u00f6l Kaymakam\u0131 Halil Dalak, &#8220;\u015eehit ve gazi ailelerimizin her zaman yan\u0131nday\u0131z. Ramazan ay\u0131nda evlerini ziyaret ederek birlikte iftar yeme\u011fi yapmaktay\u0131z. Dertlerini sorunlar\u0131n\u0131 dinleyip yerine getirmek i\u00e7in her zaman oldu\u011fu gibi devlet olarak yanlar\u0131nday\u0131z.&#8221; dedi.<br \/>\n<br \/>\u015eehit ve gazi aileleri de Sar\u0131g\u00f6l Kaymakam\u0131 Halil Dalak ve e\u015fi Ayfer Dalak\u2019\u0131 evlerinde iftar yeme\u011finde a\u011f\u0131rlamaktan mutluluk duyduklar\u0131n\u0131 ifade etti.<br \/><\/p>\n","protected":false},"excerpt":{"rendered":"<p>Sar\u0131g\u00f6l Kaymakam\u0131 Halil Dalak, e\u015fi Ayfer Dalak ile birlikte Ramazan ay\u0131 s\u00fcresince \u015fehit ve gazi ailelerini ziyaret ederek birlikte iftar yeme\u011finde bir araya geliyor. Sar\u0131g\u00f6l Kaymakam\u0131 Halil Dalak ve E\u015fi Ayfer Dalak\u2019\u0131n \u015fehit ve gazi ailelerinin evlerinde iftar yeme\u011finde bulu\u015fmalar\u0131 hem \u015fehit ailelerini hem gazi ve gazi ailelerini mutlu etti. Ramazan ay\u0131 boyunca il\u00e7e merkezi&#8230;<\/p>\n","protected":false},"author":1,"featured_media":24921,"comment_status":"open","ping_status":"open","sticky":false,"template":"","format":"standard","meta":{"_crdt_document":"","footnotes":""},"categories":[123],"tags":[],"class_list":["post-24920","post","type-post","status-publish","format-standard","has-post-thumbnail","hentry","category-gundem"],"_links":{"self":[{"href":"https:\/\/www.egemtv.com\/index.php?rest_route=\/wp\/v2\/posts\/24920","targetHints":{"allow":["GET"]}}],"collection":[{"href":"https:\/\/www.egemtv.com\/index.php?rest_route=\/wp\/v2\/posts"}],"about":[{"href":"https:\/\/www.egemtv.com\/index.php?rest_route=\/wp\/v2\/types\/post"}],"author":[{"embeddable":true,"href":"https:\/\/www.egemtv.com\/index.php?rest_route=\/wp\/v2\/users\/1"}],"replies":[{"embeddable":true,"href":"https:\/\/www.egemtv.com\/index.php?rest_route=%2Fwp%2Fv2%2Fcomments&post=24920"}],"version-history":[{"count":1,"href":"https:\/\/www.egemtv.com\/index.php?rest_route=\/wp\/v2\/posts\/24920\/revisions"}],"predecessor-version":[{"id":24922,"href":"https:\/\/www.egemtv.com\/index.php?rest_route=\/wp\/v2\/posts\/24920\/revisions\/24922"}],"wp:featuredmedia":[{"embeddable":true,"href":"https:\/\/www.egemtv.com\/index.php?rest_route=\/wp\/v2\/media\/24921"}],"wp:attachment":[{"href":"https:\/\/www.egemtv.com\/index.php?rest_route=%2Fwp%2Fv2%2Fmedia&parent=24920"}],"wp:term":[{"taxonomy":"category","embeddable":true,"href":"https:\/\/www.egemtv.com\/index.php?rest_route=%2Fwp%2Fv2%2Fcategories&post=24920"},{"taxonomy":"post_tag","embeddable":true,"href":"https:\/\/www.egemtv.com\/index.php?rest_route=%2Fwp%2Fv2%2Ftags&post=24920"}],"curies":[{"name":"wp","href":"https:\/\/api.w.org\/{rel}","templated":true}]}}