{"id":24917,"date":"2025-03-09T13:47:04","date_gmt":"2025-03-09T10:47:04","guid":{"rendered":"https:\/\/www.egemtv.com\/?p=24917"},"modified":"2025-03-09T13:47:08","modified_gmt":"2025-03-09T10:47:08","slug":"manisa-buyuksehir-belediyesinden-universite-adaylarina-kariyer-rehberligi","status":"publish","type":"post","link":"https:\/\/www.egemtv.com\/?p=24917","title":{"rendered":"Manisa B\u00fcy\u00fck\u015fehir Belediyesi\u2019nden \u00fcniversite adaylar\u0131na kariyer rehberli\u011fi"},"content":{"rendered":"<p>Manisa B\u00fcy\u00fck\u015fehir Belediyesi, \u00fcniversite s\u0131nav\u0131na haz\u0131rlanan \u00f6\u011frencilere y\u00f6nelik \u00f6nemli bir etkinli\u011fe imza at\u0131yor. D\u00fczenlenecek &#8220;\u00dcniversite B\u00f6l\u00fcm Tan\u0131t\u0131m G\u00fcnleri&#8221; ile \u00f6\u011frencilerin do\u011fru kariyer se\u00e7imleri yapmalar\u0131na ve gelecek planlamalar\u0131nda bilin\u00e7li ad\u0131mlar atmalar\u0131na yard\u0131mc\u0131 olmak hedefleniyor.<br \/>\n<br \/>10 Mart 2025 tarihinde Manisa B\u00fcy\u00fck\u015fehir Belediyesi K\u00fclt\u00fcr Merkezi\u2019nde ger\u00e7ekle\u015ftirilecek olan tan\u0131t\u0131m etkinli\u011fi, g\u00fcn boyu s\u00fcrecek. \u00dccretsiz olarak d\u00fczenlenecek etkinlikte, \u00f6\u011frencilere \u00e7e\u015fitli \u00fcniversite b\u00f6l\u00fcmlerinin tan\u0131t\u0131m\u0131n\u0131n yan\u0131 s\u0131ra gelecek planlamas\u0131 i\u00e7in rehberlik hizmeti de sunulacak. Ayr\u0131ca, say\u0131sal, e\u015fit a\u011f\u0131rl\u0131k, s\u00f6zel ve dil puan t\u00fcrlerine g\u00f6re ayr\u0131 salonlarda e\u015f zamanl\u0131 olarak &#8220;Meslek\/B\u00f6l\u00fcm Tan\u0131t\u0131m At\u00f6lyeleri&#8221; ger\u00e7ekle\u015ftirilecek. Devlet ve vak\u0131f \u00fcniversiteleri de stant a\u00e7arak \u00f6\u011frencilere bilgi verecek. Manisa \u00dcniversite B\u00f6l\u00fcm Tan\u0131t\u0131m G\u00fcnleri\u2019ne, T\u00fcrkiye genelindeki devlet ve vak\u0131f \u00fcniversiteleri, akademisyenler, e\u011fitim ve kariyer dan\u0131\u015fmanlar\u0131, Y\u00fcksek\u00f6\u011fretim Kurumlar\u0131 S\u0131nav\u0131 (YKS) ve tercih uzmanlar\u0131, YKS haz\u0131rl\u0131k e\u011fitim yay\u0131nc\u0131lar\u0131 kat\u0131l\u0131m g\u00f6sterecek.<br \/>\n<br \/>Fuar s\u00fcresince, e\u011fitim dan\u0131\u015fmanlar\u0131, YKS ve tercih uzmanlar\u0131 taraf\u0131ndan YKS\u2019ye Haz\u0131rl\u0131k, Etkili S\u0131nav \u00c7al\u0131\u015fma ve Test \u00c7\u00f6z\u00fcm Teknikleri, S\u0131nav Motivasyonu, \u0130novasyon, Giri\u015fimcilik ve Kariyer Planlama konferanslar\u0131 verilecek. Manisa B\u00fcy\u00fck\u015fehir Belediyesi, bu etkinlikle \u00f6\u011frencilerin do\u011fru kariyer se\u00e7imleri yapmalar\u0131na, farkl\u0131 \u00fcniversite b\u00f6l\u00fcmleri hakk\u0131nda bilgi sahibi olmalar\u0131na ve e\u011fitim ile kariyer yolculuklar\u0131nda bilin\u00e7lenmelerine destek olmay\u0131 ama\u00e7l\u0131yor. \u00dcniversite s\u0131nav\u0131na haz\u0131rlanan t\u00fcm \u00f6\u011frencilerin davetli oldu\u011fu etkinlik, \u00f6\u011frencilerin geleceklerine y\u00f6n vermelerine katk\u0131 sa\u011flayacak.<br \/><\/p>\n","protected":false},"excerpt":{"rendered":"<p>Manisa B\u00fcy\u00fck\u015fehir Belediyesi, \u00fcniversite s\u0131nav\u0131na haz\u0131rlanan \u00f6\u011frencilere y\u00f6nelik \u00f6nemli bir etkinli\u011fe imza at\u0131yor. D\u00fczenlenecek &#8220;\u00dcniversite B\u00f6l\u00fcm Tan\u0131t\u0131m G\u00fcnleri&#8221; ile \u00f6\u011frencilerin do\u011fru kariyer se\u00e7imleri yapmalar\u0131na ve gelecek planlamalar\u0131nda bilin\u00e7li ad\u0131mlar atmalar\u0131na yard\u0131mc\u0131 olmak hedefleniyor. 10 Mart 2025 tarihinde Manisa B\u00fcy\u00fck\u015fehir Belediyesi K\u00fclt\u00fcr Merkezi\u2019nde ger\u00e7ekle\u015ftirilecek olan tan\u0131t\u0131m etkinli\u011fi, g\u00fcn boyu s\u00fcrecek. \u00dccretsiz olarak d\u00fczenlenecek etkinlikte, \u00f6\u011frencilere \u00e7e\u015fitli&#8230;<\/p>\n","protected":false},"author":1,"featured_media":24918,"comment_status":"open","ping_status":"open","sticky":false,"template":"","format":"standard","meta":{"_crdt_document":"","footnotes":""},"categories":[1],"tags":[],"class_list":["post-24917","post","type-post","status-publish","format-standard","has-post-thumbnail","hentry","category-guncel"],"_links":{"self":[{"href":"https:\/\/www.egemtv.com\/index.php?rest_route=\/wp\/v2\/posts\/24917","targetHints":{"allow":["GET"]}}],"collection":[{"href":"https:\/\/www.egemtv.com\/index.php?rest_route=\/wp\/v2\/posts"}],"about":[{"href":"https:\/\/www.egemtv.com\/index.php?rest_route=\/wp\/v2\/types\/post"}],"author":[{"embeddable":true,"href":"https:\/\/www.egemtv.com\/index.php?rest_route=\/wp\/v2\/users\/1"}],"replies":[{"embeddable":true,"href":"https:\/\/www.egemtv.com\/index.php?rest_route=%2Fwp%2Fv2%2Fcomments&post=24917"}],"version-history":[{"count":1,"href":"https:\/\/www.egemtv.com\/index.php?rest_route=\/wp\/v2\/posts\/24917\/revisions"}],"predecessor-version":[{"id":24919,"href":"https:\/\/www.egemtv.com\/index.php?rest_route=\/wp\/v2\/posts\/24917\/revisions\/24919"}],"wp:featuredmedia":[{"embeddable":true,"href":"https:\/\/www.egemtv.com\/index.php?rest_route=\/wp\/v2\/media\/24918"}],"wp:attachment":[{"href":"https:\/\/www.egemtv.com\/index.php?rest_route=%2Fwp%2Fv2%2Fmedia&parent=24917"}],"wp:term":[{"taxonomy":"category","embeddable":true,"href":"https:\/\/www.egemtv.com\/index.php?rest_route=%2Fwp%2Fv2%2Fcategories&post=24917"},{"taxonomy":"post_tag","embeddable":true,"href":"https:\/\/www.egemtv.com\/index.php?rest_route=%2Fwp%2Fv2%2Ftags&post=24917"}],"curies":[{"name":"wp","href":"https:\/\/api.w.org\/{rel}","templated":true}]}}