{"id":24911,"date":"2025-03-09T13:27:14","date_gmt":"2025-03-09T10:27:14","guid":{"rendered":"https:\/\/www.egemtv.com\/?p=24911"},"modified":"2025-03-09T13:27:23","modified_gmt":"2025-03-09T10:27:23","slug":"didim-belediyesi-gerceklestirdigi-calismalarla-ureticilerin-ulasimini-kolaylastirdi","status":"publish","type":"post","link":"https:\/\/www.egemtv.com\/?p=24911","title":{"rendered":"Didim Belediyesi ger\u00e7ekle\u015ftirdi\u011fi \u00e7al\u0131\u015fmalarla \u00fcreticilerin ula\u015f\u0131m\u0131n\u0131 kolayla\u015ft\u0131rd\u0131"},"content":{"rendered":"<p>Didim Belediyesi Hisar Mahallesi\u2019nde bulunan zeytinlik ve tar\u0131m arazisi yollar\u0131n\u0131n d\u00fczeltilerek, \u00fcreticilerin ula\u015f\u0131m\u0131n\u0131n kolayla\u015ft\u0131rd\u0131.<\/p>\n<p>Didim Belediyesi, tar\u0131m altyap\u0131s\u0131n\u0131 g\u00fc\u00e7lendirmek ve \u00e7ift\u00e7ilerin ihtiya\u00e7lar\u0131n\u0131 kar\u015f\u0131lamak ad\u0131na \u00e7al\u0131\u015fmalar\u0131n\u0131 s\u00fcrd\u00fcr\u00fcyor. \u00dcreticilerin ya\u015fam kalitesini art\u0131rmay\u0131 ve yerel ekonomiyi g\u00fc\u00e7lendirmeyi hedefleyen Didim Belediyesi Hisar Mahallesi\u2019nde zeytinlik ve tar\u0131m arazilerinde \u00e7al\u0131\u015fma ger\u00e7ekle\u015ftirdi. Didim Belediyesi olarak tar\u0131mla u\u011fra\u015fan vatanda\u015flar\u0131n i\u015flerini rahatlatmak ve \u00fcretimin s\u00fcrd\u00fcr\u00fclebilirli\u011fini sa\u011flamak ad\u0131na \u00f6nemli ad\u0131mlar att\u0131klar\u0131n\u0131 belirten Ba\u015fkan Gen\u00e7ay, &#8220;Tar\u0131mla u\u011fra\u015fan vatanda\u015flar\u0131m\u0131z\u0131n i\u015flerini kolayla\u015ft\u0131rmak, \u00fcretimi desteklemek ve emeklerinin kar\u015f\u0131l\u0131\u011f\u0131n\u0131 almalar\u0131n\u0131 sa\u011flamak i\u00e7in \u00e7al\u0131\u015fmalar\u0131m\u0131za devam ediyoruz. Didim\u2019in bereketli topraklar\u0131n\u0131 koruyacak ve \u00e7ift\u00e7imizin yan\u0131nda olaca\u011f\u0131z&#8221; dedi.<\/p>\n<p>Yollar\u0131n d\u00fczeltilmesiyle birlikte \u00fcreticilerin tarlalar\u0131na daha kolay eri\u015fim sa\u011flayaca\u011f\u0131n\u0131 vurgulayan Ba\u015fkan Gen\u00e7ay, bu t\u00fcr \u00e7al\u0131\u015fmalar\u0131n b\u00f6lgedeki tar\u0131m faaliyetlerinin geli\u015fmesine katk\u0131 sunaca\u011f\u0131n\u0131 ifade etti. Ba\u015fkan Gen\u00e7ay, &#8220;Belediye olarak her zaman \u00fcreticilerimizin yan\u0131nday\u0131z. Onlar\u0131n daha verimli \u00e7al\u0131\u015fabilmesi i\u00e7in gerekli deste\u011fi sa\u011flamaya devam edece\u011fiz&#8221; diye konu\u015ftu.<br \/><\/p>\n","protected":false},"excerpt":{"rendered":"<p>Didim Belediyesi Hisar Mahallesi\u2019nde bulunan zeytinlik ve tar\u0131m arazisi yollar\u0131n\u0131n d\u00fczeltilerek, \u00fcreticilerin ula\u015f\u0131m\u0131n\u0131n kolayla\u015ft\u0131rd\u0131. Didim Belediyesi, tar\u0131m altyap\u0131s\u0131n\u0131 g\u00fc\u00e7lendirmek ve \u00e7ift\u00e7ilerin ihtiya\u00e7lar\u0131n\u0131 kar\u015f\u0131lamak ad\u0131na \u00e7al\u0131\u015fmalar\u0131n\u0131 s\u00fcrd\u00fcr\u00fcyor. \u00dcreticilerin ya\u015fam kalitesini art\u0131rmay\u0131 ve yerel ekonomiyi g\u00fc\u00e7lendirmeyi hedefleyen Didim Belediyesi Hisar Mahallesi\u2019nde zeytinlik ve tar\u0131m arazilerinde \u00e7al\u0131\u015fma ger\u00e7ekle\u015ftirdi. Didim Belediyesi olarak tar\u0131mla u\u011fra\u015fan vatanda\u015flar\u0131n i\u015flerini rahatlatmak ve \u00fcretimin&#8230;<\/p>\n","protected":false},"author":1,"featured_media":24912,"comment_status":"open","ping_status":"open","sticky":false,"template":"","format":"standard","meta":{"_crdt_document":"","footnotes":""},"categories":[1],"tags":[],"class_list":["post-24911","post","type-post","status-publish","format-standard","has-post-thumbnail","hentry","category-guncel"],"_links":{"self":[{"href":"https:\/\/www.egemtv.com\/index.php?rest_route=\/wp\/v2\/posts\/24911","targetHints":{"allow":["GET"]}}],"collection":[{"href":"https:\/\/www.egemtv.com\/index.php?rest_route=\/wp\/v2\/posts"}],"about":[{"href":"https:\/\/www.egemtv.com\/index.php?rest_route=\/wp\/v2\/types\/post"}],"author":[{"embeddable":true,"href":"https:\/\/www.egemtv.com\/index.php?rest_route=\/wp\/v2\/users\/1"}],"replies":[{"embeddable":true,"href":"https:\/\/www.egemtv.com\/index.php?rest_route=%2Fwp%2Fv2%2Fcomments&post=24911"}],"version-history":[{"count":1,"href":"https:\/\/www.egemtv.com\/index.php?rest_route=\/wp\/v2\/posts\/24911\/revisions"}],"predecessor-version":[{"id":24913,"href":"https:\/\/www.egemtv.com\/index.php?rest_route=\/wp\/v2\/posts\/24911\/revisions\/24913"}],"wp:featuredmedia":[{"embeddable":true,"href":"https:\/\/www.egemtv.com\/index.php?rest_route=\/wp\/v2\/media\/24912"}],"wp:attachment":[{"href":"https:\/\/www.egemtv.com\/index.php?rest_route=%2Fwp%2Fv2%2Fmedia&parent=24911"}],"wp:term":[{"taxonomy":"category","embeddable":true,"href":"https:\/\/www.egemtv.com\/index.php?rest_route=%2Fwp%2Fv2%2Fcategories&post=24911"},{"taxonomy":"post_tag","embeddable":true,"href":"https:\/\/www.egemtv.com\/index.php?rest_route=%2Fwp%2Fv2%2Ftags&post=24911"}],"curies":[{"name":"wp","href":"https:\/\/api.w.org\/{rel}","templated":true}]}}