{"id":24908,"date":"2025-03-09T13:10:02","date_gmt":"2025-03-09T10:10:02","guid":{"rendered":"https:\/\/www.egemtv.com\/?p=24908"},"modified":"2025-03-09T13:10:08","modified_gmt":"2025-03-09T10:10:08","slug":"manisali-kadinlar-esitlik-ve-ozgurluk-icin-yurudu","status":"publish","type":"post","link":"https:\/\/www.egemtv.com\/?p=24908","title":{"rendered":"Manisal\u0131 kad\u0131nlar e\u015fitlik ve \u00f6zg\u00fcrl\u00fck i\u00e7in y\u00fcr\u00fcd\u00fc"},"content":{"rendered":"<p>Manisa\u2019da y\u00fczlerce kad\u0131n, 8 Mart D\u00fcnya Kad\u0131nlar G\u00fcn\u00fc\u2019nde bir araya gelerek toplumsal cinsiyet e\u015fitli\u011fi, \u00f6zg\u00fcrl\u00fck ve kad\u0131n haklar\u0131 i\u00e7in seslerini y\u00fckseltti. \u2018Kad\u0131nlar Y\u00fcr\u00fcyor Gece Ayd\u0131nlan\u0131yor\u2019 y\u00fcr\u00fcy\u00fc\u015f\u00fcnde bulu\u015fan kad\u0131nlar, sloganlar atarak ve d\u00fcd\u00fck \u00e7alarak kad\u0131na y\u00f6nelik \u015fiddete de tepki g\u00f6sterdi.<br \/>\n<br \/>Manisa B\u00fcy\u00fck\u015fehir Belediyesi, \u015eehzadeler Belediyesi ve Yunusemre Belediyesi i\u015f birli\u011fiyle \u2018Kad\u0131nlar Y\u00fcr\u00fcyor Gece Ayd\u0131nlan\u0131yor\u2019 isimli gece y\u00fcr\u00fcy\u00fc\u015f\u00fc d\u00fczenlendi. Manisa B\u00fcy\u00fck\u015fehir Belediyesi K\u00fclt\u00fcr Merkezi \u00f6n\u00fcnden ba\u015flayan y\u00fcr\u00fcy\u00fc\u015f, 15 Temmuz Demokrasi Meydan\u0131\u2019nda son buldu. Y\u00fcr\u00fcy\u00fc\u015fe, CHP Kad\u0131n Kollar\u0131 Genel Ba\u015fkan\u0131 Asu Kaya, CHP Manisa Milletvekili Selma Aliye Kavaf, CHP Manisa \u0130l Ba\u015fkan\u0131 \u0130lksen \u00d6zalper, \u015eehzadeler Belediye Ba\u015fkan\u0131 G\u00fcl\u015fah Durbay, D\u0130SK Genel Ba\u015fkan\u0131 Arzu \u00c7erkezo\u011flu, CHP Genel Ba\u015fkan\u0131 \u00d6zg\u00fcr \u00d6zel\u2019in e\u015fi Didem \u00d6zel, Nurcan Zeyrek, Serap Balaban ve y\u00fczlerce kad\u0131n kat\u0131ld\u0131. Kad\u0131nlar, \u2018Kad\u0131n, ya\u015fam, \u00f6zg\u00fcrl\u00fck\u2019, \u2018Hak, hukuk, adalet\u2019, \u2018Sokaklar\u0131 da meydanlar\u0131 da terk etmiyoruz\u2019 ve \u2018D\u00fcnya yerinden oynar kad\u0131nlar \u00f6zg\u00fcr olsa\u2019 sloganlar\u0131yla toplumsal cinsiyet e\u015fitli\u011fi taleplerini dile getirdi. Y\u00fcr\u00fcy\u00fc\u015f s\u0131ras\u0131nda kat\u0131l\u0131mc\u0131lar d\u00fcd\u00fck \u00e7alarak kad\u0131na y\u00f6nelik \u015fiddete tepki g\u00f6sterdi.<\/p>\n<p>&#8220;Ayr\u0131mc\u0131l\u0131\u011fa kar\u015f\u0131 durmak i\u00e7in buraday\u0131z&#8221;<br \/>\n<br \/>\u015eehzadeler Belediye Ba\u015fkan\u0131 G\u00fcl\u015fah Durbay ise 8 Mart\u2019ta dayan\u0131\u015fman\u0131n \u0131\u015f\u0131\u011f\u0131n\u0131 b\u00fcy\u00fctmek i\u00e7in bir arada olduklar\u0131n\u0131 s\u00f6yledi. Durbay, &#8220;Bizler ayr\u0131mc\u0131l\u0131\u011fa kar\u015f\u0131 durmak i\u00e7in buraday\u0131z. Gece sokakta \u00f6zg\u00fcrce y\u00fcr\u00fcyebildi\u011fimiz, karar alma mekanizmalar\u0131nda e\u015fit temsil edildi\u011fimiz, hi\u00e7bir \u015fekilde ayr\u0131mc\u0131l\u0131\u011fa u\u011framad\u0131\u011f\u0131m\u0131z bir T\u00fcrkiye i\u00e7in buraday\u0131z. \u2019D\u00fcnyada g\u00f6rd\u00fc\u011f\u00fcn\u00fcz her \u015fey kad\u0131n\u0131n eseridir\u2019 diyen Ulu \u00d6nderimiz Gazi Mustafa Kemal Atat\u00fcrk\u2019\u00fcn izinden giden bir T\u00fcrk kad\u0131n\u0131y\u0131m. E\u015fitsizli\u011fe kar\u015f\u0131 m\u00fccadele eden ve bu u\u011furda \u00f6ld\u00fcr\u00fclen kad\u0131nlar\u0131n yol arkada\u015f\u0131y\u0131m. Konumum, mevkiim fark etmeksizin kad\u0131nlar\u0131n yolda\u015f\u0131 olarak \u00e7al\u0131\u015facak olan bir arkada\u015f\u0131n\u0131z, k\u0131z karde\u015finiz, bir ablan\u0131z\u0131m. Bug\u00fcn sizlerden ald\u0131\u011f\u0131m g\u00fc\u00e7le, yar\u0131n kad\u0131n haklar\u0131 i\u00e7in daha da fazla m\u00fccadele edece\u011fim&#8221; ifadelerini kulland\u0131.<\/p>\n<p>&#8220;Geceleri de sokaklar\u0131 da terk etmiyoruz&#8221;<br \/>\n<br \/>Manisal\u0131 kad\u0131nlar, y\u00fcr\u00fcy\u00fc\u015f\u00fcn ard\u0131ndan 15 Temmuz Demokrasi Meydan\u0131\u2019nda topland\u0131. Kad\u0131nlar ad\u0131na a\u00e7\u0131klama yapan Manisa Baro Ba\u015fkan\u0131 Sevgi Ba\u015fak Ye\u015fil Malay, &#8220;Bir 8 Mart\u2019ta daha sokaklarday\u0131z. Yine haklar\u0131m\u0131z\u0131, yine kazand\u0131klar\u0131m\u0131z\u0131, yine kazanamad\u0131klar\u0131m\u0131z\u0131 protesto ediyoruz. Bunlar\u0131n bizim i\u00e7in anma de\u011fil, kutlama g\u00fcnleri oldu\u011fu g\u00fcnlere kavu\u015fana kadar da bu m\u00fccadelemiz devam edecek. Bug\u00fcn D\u00fcnya Kad\u0131nlar G\u00fcn\u00fc. Baz\u0131 yerlerde emek\u00e7i kad\u0131nlar g\u00fcn\u00fc olarak ge\u00e7iyor. Biz bu tamlamay\u0131 kabul etmiyoruz. \u00c7\u00fcnk\u00fc kad\u0131n\u0131n emek\u00e7i olmayan\u0131 olmaz. Kad\u0131n evinde, sokakta, fabrikada, i\u015f yerinde, oldu\u011fu her yerde eme\u011fini koyar. Ama kad\u0131n\u0131n cesaretli olmayan\u0131, \u00f6zg\u00fcr olmayan\u0131, \u015fiddete u\u011frayan\u0131, ezileni vard\u0131r. Bizler her bir k\u0131z karde\u015fimiz kendini cesur, \u00f6zg\u00fcr hissedene kadar \u015fiddet korkusuyla ya\u015famayana kadar bu m\u00fccadeleyi b\u0131rakm\u0131yoruz. Geceleri de sokaklar\u0131 da terk etmiyoruz&#8221; dedi.<br \/><\/p>\n","protected":false},"excerpt":{"rendered":"<p>Manisa\u2019da y\u00fczlerce kad\u0131n, 8 Mart D\u00fcnya Kad\u0131nlar G\u00fcn\u00fc\u2019nde bir araya gelerek toplumsal cinsiyet e\u015fitli\u011fi, \u00f6zg\u00fcrl\u00fck ve kad\u0131n haklar\u0131 i\u00e7in seslerini y\u00fckseltti. \u2018Kad\u0131nlar Y\u00fcr\u00fcyor Gece Ayd\u0131nlan\u0131yor\u2019 y\u00fcr\u00fcy\u00fc\u015f\u00fcnde bulu\u015fan kad\u0131nlar, sloganlar atarak ve d\u00fcd\u00fck \u00e7alarak kad\u0131na y\u00f6nelik \u015fiddete de tepki g\u00f6sterdi. Manisa B\u00fcy\u00fck\u015fehir Belediyesi, \u015eehzadeler Belediyesi ve Yunusemre Belediyesi i\u015f birli\u011fiyle \u2018Kad\u0131nlar Y\u00fcr\u00fcyor Gece Ayd\u0131nlan\u0131yor\u2019 isimli gece&#8230;<\/p>\n","protected":false},"author":1,"featured_media":24909,"comment_status":"open","ping_status":"open","sticky":false,"template":"","format":"standard","meta":{"_crdt_document":"","footnotes":""},"categories":[127],"tags":[],"class_list":["post-24908","post","type-post","status-publish","format-standard","has-post-thumbnail","hentry","category-siyaset"],"_links":{"self":[{"href":"https:\/\/www.egemtv.com\/index.php?rest_route=\/wp\/v2\/posts\/24908","targetHints":{"allow":["GET"]}}],"collection":[{"href":"https:\/\/www.egemtv.com\/index.php?rest_route=\/wp\/v2\/posts"}],"about":[{"href":"https:\/\/www.egemtv.com\/index.php?rest_route=\/wp\/v2\/types\/post"}],"author":[{"embeddable":true,"href":"https:\/\/www.egemtv.com\/index.php?rest_route=\/wp\/v2\/users\/1"}],"replies":[{"embeddable":true,"href":"https:\/\/www.egemtv.com\/index.php?rest_route=%2Fwp%2Fv2%2Fcomments&post=24908"}],"version-history":[{"count":1,"href":"https:\/\/www.egemtv.com\/index.php?rest_route=\/wp\/v2\/posts\/24908\/revisions"}],"predecessor-version":[{"id":24910,"href":"https:\/\/www.egemtv.com\/index.php?rest_route=\/wp\/v2\/posts\/24908\/revisions\/24910"}],"wp:featuredmedia":[{"embeddable":true,"href":"https:\/\/www.egemtv.com\/index.php?rest_route=\/wp\/v2\/media\/24909"}],"wp:attachment":[{"href":"https:\/\/www.egemtv.com\/index.php?rest_route=%2Fwp%2Fv2%2Fmedia&parent=24908"}],"wp:term":[{"taxonomy":"category","embeddable":true,"href":"https:\/\/www.egemtv.com\/index.php?rest_route=%2Fwp%2Fv2%2Fcategories&post=24908"},{"taxonomy":"post_tag","embeddable":true,"href":"https:\/\/www.egemtv.com\/index.php?rest_route=%2Fwp%2Fv2%2Ftags&post=24908"}],"curies":[{"name":"wp","href":"https:\/\/api.w.org\/{rel}","templated":true}]}}