{"id":24905,"date":"2025-03-09T12:48:50","date_gmt":"2025-03-09T09:48:50","guid":{"rendered":"https:\/\/www.egemtv.com\/?p=24905"},"modified":"2025-03-09T12:48:58","modified_gmt":"2025-03-09T09:48:58","slug":"karacasuda-polis-ekipleri-vatandaslari-bilgilendirdi","status":"publish","type":"post","link":"https:\/\/www.egemtv.com\/?p=24905","title":{"rendered":"Karacasu\u2019da polis ekipleri vatanda\u015flar\u0131 bilgilendirdi"},"content":{"rendered":"<p>Ayd\u0131n\u2019\u0131n Karacasu il\u00e7esinde Emniyet Amirli\u011fi ekipleri kentte ya\u015fayan vatanda\u015flar\u0131 doland\u0131r\u0131c\u0131l\u0131k ve mala kar\u015f\u0131 i\u015flenen su\u00e7lar hakk\u0131nda bilgilendirdi.<\/p>\n<p>Ayd\u0131n\u2019da polis ekipleri vatanda\u015flar\u0131n huzur ve g\u00fcvenli\u011finin sa\u011flanmas\u0131 i\u00e7in \u00e7al\u0131\u015fmalar\u0131n\u0131 aral\u0131ks\u0131z s\u00fcrd\u00fcr\u00fcyor. Bu kapsamda Karacasu \u0130l\u00e7e Emniyet Amirli\u011fi ekipleri, \u00e7e\u015fitli \u00f6rnek olaylarla vatanda\u015flara doland\u0131r\u0131c\u0131l\u0131k ve mala kar\u015f\u0131 i\u015flenen su\u00e7lar hakk\u0131nda bilgilendirmelerde bulunarak bu t\u00fcr su\u00e7lardan nas\u0131l korunabileceklerini anlatt\u0131. Emniyet personelleri, doland\u0131r\u0131c\u0131l\u0131k y\u00f6ntemleri, h\u0131rs\u0131zl\u0131k, yankesicilik gibi su\u00e7lara kar\u015f\u0131 dikkatli olunmas\u0131 gerekti\u011fini vurgulad\u0131. Ekipler bilgilendirme \u00e7al\u0131\u015fmalar\u0131nda \u00f6zellikle telefonla doland\u0131r\u0131c\u0131l\u0131k, internet \u00fczerinden yap\u0131lan doland\u0131r\u0131c\u0131l\u0131k ve evlerde yap\u0131lan h\u0131rs\u0131zl\u0131k olaylar\u0131n\u0131 \u00f6rnek olarak verdi. Vatanda\u015flara, \u015f\u00fcpheli durumlarla kar\u015f\u0131la\u015ft\u0131klar\u0131nda ne yapmalar\u0131 gerekti\u011fi ve herhangi bir ma\u011fduriyet durumunda hemen 112 Acil \u00c7a\u011fr\u0131 Merkezi\u2019ni aramalar\u0131 gerekti\u011fini hat\u0131rlatarak, g\u00fcvenlik \u00f6nlemlerine dikkat etmeleri gerekti\u011fi konusunda uyar\u0131larda bulundu.<\/p>\n<p>Vatanda\u015flar, emniyet ekiplerinin bu t\u00fcr etkinliklerinin kendilerini daha g\u00fcvende hissettirdi\u011fini ifade ederek, yap\u0131lan bilgilendirmeler i\u00e7in te\u015fekk\u00fcrlerini iletti. Emniyet ekipleri ise bu t\u00fcr bilgilendirme \u00e7al\u0131\u015fmalar\u0131yla halk\u0131n g\u00fcvenli\u011fini sa\u011flamak ve su\u00e7lar\u0131n \u00f6n\u00fcne ge\u00e7mek amac\u0131yla \u00e7al\u0131\u015fmalar\u0131na devam edece\u011fini belirtti.<br \/><\/p>\n","protected":false},"excerpt":{"rendered":"<p>Ayd\u0131n\u2019\u0131n Karacasu il\u00e7esinde Emniyet Amirli\u011fi ekipleri kentte ya\u015fayan vatanda\u015flar\u0131 doland\u0131r\u0131c\u0131l\u0131k ve mala kar\u015f\u0131 i\u015flenen su\u00e7lar hakk\u0131nda bilgilendirdi. Ayd\u0131n\u2019da polis ekipleri vatanda\u015flar\u0131n huzur ve g\u00fcvenli\u011finin sa\u011flanmas\u0131 i\u00e7in \u00e7al\u0131\u015fmalar\u0131n\u0131 aral\u0131ks\u0131z s\u00fcrd\u00fcr\u00fcyor. Bu kapsamda Karacasu \u0130l\u00e7e Emniyet Amirli\u011fi ekipleri, \u00e7e\u015fitli \u00f6rnek olaylarla vatanda\u015flara doland\u0131r\u0131c\u0131l\u0131k ve mala kar\u015f\u0131 i\u015flenen su\u00e7lar hakk\u0131nda bilgilendirmelerde bulunarak bu t\u00fcr su\u00e7lardan nas\u0131l korunabileceklerini anlatt\u0131&#8230;.<\/p>\n","protected":false},"author":1,"featured_media":24906,"comment_status":"open","ping_status":"open","sticky":false,"template":"","format":"standard","meta":{"_crdt_document":"","footnotes":""},"categories":[1],"tags":[],"class_list":["post-24905","post","type-post","status-publish","format-standard","has-post-thumbnail","hentry","category-guncel"],"_links":{"self":[{"href":"https:\/\/www.egemtv.com\/index.php?rest_route=\/wp\/v2\/posts\/24905","targetHints":{"allow":["GET"]}}],"collection":[{"href":"https:\/\/www.egemtv.com\/index.php?rest_route=\/wp\/v2\/posts"}],"about":[{"href":"https:\/\/www.egemtv.com\/index.php?rest_route=\/wp\/v2\/types\/post"}],"author":[{"embeddable":true,"href":"https:\/\/www.egemtv.com\/index.php?rest_route=\/wp\/v2\/users\/1"}],"replies":[{"embeddable":true,"href":"https:\/\/www.egemtv.com\/index.php?rest_route=%2Fwp%2Fv2%2Fcomments&post=24905"}],"version-history":[{"count":1,"href":"https:\/\/www.egemtv.com\/index.php?rest_route=\/wp\/v2\/posts\/24905\/revisions"}],"predecessor-version":[{"id":24907,"href":"https:\/\/www.egemtv.com\/index.php?rest_route=\/wp\/v2\/posts\/24905\/revisions\/24907"}],"wp:featuredmedia":[{"embeddable":true,"href":"https:\/\/www.egemtv.com\/index.php?rest_route=\/wp\/v2\/media\/24906"}],"wp:attachment":[{"href":"https:\/\/www.egemtv.com\/index.php?rest_route=%2Fwp%2Fv2%2Fmedia&parent=24905"}],"wp:term":[{"taxonomy":"category","embeddable":true,"href":"https:\/\/www.egemtv.com\/index.php?rest_route=%2Fwp%2Fv2%2Fcategories&post=24905"},{"taxonomy":"post_tag","embeddable":true,"href":"https:\/\/www.egemtv.com\/index.php?rest_route=%2Fwp%2Fv2%2Ftags&post=24905"}],"curies":[{"name":"wp","href":"https:\/\/api.w.org\/{rel}","templated":true}]}}