{"id":24902,"date":"2025-03-09T12:06:30","date_gmt":"2025-03-09T09:06:30","guid":{"rendered":"https:\/\/www.egemtv.com\/?p=24902"},"modified":"2025-03-09T12:06:34","modified_gmt":"2025-03-09T09:06:34","slug":"rus-gelin-turk-usulu-dugunle-dunya-evine-girdi","status":"publish","type":"post","link":"https:\/\/www.egemtv.com\/?p=24902","title":{"rendered":"Rus gelin T\u00fcrk usul\u00fc d\u00fc\u011f\u00fcnle d\u00fcnya evine girdi"},"content":{"rendered":"<p>Sosyal medyadan tan\u0131\u015farak 5 y\u0131ld\u0131r ili\u015fkilerini s\u00fcrd\u00fcren \u00e7ift\u00e7i ile Rus as\u0131ll\u0131 gelin, T\u00fcrk gelenekleriyle d\u00fcnya evine girdi. D\u00fc\u011f\u00fcnde Rus as\u0131ll\u0131 gelinin sergiledi\u011fi y\u00f6resel Harmandal\u0131 ve Sepet\u00e7io\u011flu oyunlar\u0131 b\u00fcy\u00fck ilgi ve alk\u0131\u015f toplad\u0131.<\/p>\n<p>Denizli\u2019nin Buldan il\u00e7esinde, sosyal medya \u00fczerinden tan\u0131\u015farak 5 y\u0131ld\u0131r mutlu bir ili\u015fki s\u00fcrd\u00fcren \u00e7ift\u00e7ilik mesle\u011fini s\u00fcrd\u00fcren Buldanl\u0131 Cemal \u00d6zen ile Rus as\u0131ll\u0131 Anna Sergeyv Ruskovva, ge\u00e7ti\u011fimiz g\u00fcnlerde d\u00fczenlenen d\u00fc\u011f\u00fcnle d\u00fcnya evine girdi. Sosyal medyadan tan\u0131\u015ft\u0131ktan sonra birbirlerine a\u015f\u0131k olan Anna ve Cemal, ge\u00e7ti\u011fimiz g\u00fcnlerde Rusya\u2019n\u0131n Krasnodar \u015fehrinde ger\u00e7ekle\u015fen t\u00f6renle k\u0131y\u0131lan nikah\u0131n ard\u0131ndan, Buldan\u2019da d\u00fczenlenen d\u00fc\u011f\u00fcnle hayatlar\u0131n\u0131 birle\u015ftirdi.<\/p>\n<p>D\u00fc\u011f\u00fcne, gelinin Rusya\u2019dan gelen \u00e7ok say\u0131da yak\u0131n\u0131 ile \u00e7iftin sevenleri ve dostlar\u0131 kat\u0131ld\u0131. A\u015fklar\u0131n\u0131 sosyal medya arac\u0131l\u0131\u011f\u0131yla tan\u0131\u015farak peki\u015ftiren Cemal ve Anna, bu \u00f6zel g\u00fcnde b\u00fcy\u00fck bir mutluluk ya\u015fad\u0131. D\u00fc\u011f\u00fcn boyunca, geleneksel T\u00fcrk halk danslar\u0131n\u0131n yan\u0131 s\u0131ra gelin Anna\u2019n\u0131n sergiledi\u011fi Harmandal\u0131 ve Sepet\u00e7io\u011flu oyunlar\u0131 b\u00fcy\u00fck ilgi ve alk\u0131\u015f toplad\u0131. \u00d6zellikle Anna\u2019n\u0131n performans\u0131, salondaki konuklar taraf\u0131ndan uzun s\u00fcre alk\u0131\u015fland\u0131.<br \/><\/p>\n","protected":false},"excerpt":{"rendered":"<p>Sosyal medyadan tan\u0131\u015farak 5 y\u0131ld\u0131r ili\u015fkilerini s\u00fcrd\u00fcren \u00e7ift\u00e7i ile Rus as\u0131ll\u0131 gelin, T\u00fcrk gelenekleriyle d\u00fcnya evine girdi. D\u00fc\u011f\u00fcnde Rus as\u0131ll\u0131 gelinin sergiledi\u011fi y\u00f6resel Harmandal\u0131 ve Sepet\u00e7io\u011flu oyunlar\u0131 b\u00fcy\u00fck ilgi ve alk\u0131\u015f toplad\u0131. Denizli\u2019nin Buldan il\u00e7esinde, sosyal medya \u00fczerinden tan\u0131\u015farak 5 y\u0131ld\u0131r mutlu bir ili\u015fki s\u00fcrd\u00fcren \u00e7ift\u00e7ilik mesle\u011fini s\u00fcrd\u00fcren Buldanl\u0131 Cemal \u00d6zen ile Rus as\u0131ll\u0131 Anna&#8230;<\/p>\n","protected":false},"author":1,"featured_media":24903,"comment_status":"open","ping_status":"open","sticky":false,"template":"","format":"standard","meta":{"_crdt_document":"","footnotes":""},"categories":[1],"tags":[],"class_list":["post-24902","post","type-post","status-publish","format-standard","has-post-thumbnail","hentry","category-guncel"],"_links":{"self":[{"href":"https:\/\/www.egemtv.com\/index.php?rest_route=\/wp\/v2\/posts\/24902","targetHints":{"allow":["GET"]}}],"collection":[{"href":"https:\/\/www.egemtv.com\/index.php?rest_route=\/wp\/v2\/posts"}],"about":[{"href":"https:\/\/www.egemtv.com\/index.php?rest_route=\/wp\/v2\/types\/post"}],"author":[{"embeddable":true,"href":"https:\/\/www.egemtv.com\/index.php?rest_route=\/wp\/v2\/users\/1"}],"replies":[{"embeddable":true,"href":"https:\/\/www.egemtv.com\/index.php?rest_route=%2Fwp%2Fv2%2Fcomments&post=24902"}],"version-history":[{"count":1,"href":"https:\/\/www.egemtv.com\/index.php?rest_route=\/wp\/v2\/posts\/24902\/revisions"}],"predecessor-version":[{"id":24904,"href":"https:\/\/www.egemtv.com\/index.php?rest_route=\/wp\/v2\/posts\/24902\/revisions\/24904"}],"wp:featuredmedia":[{"embeddable":true,"href":"https:\/\/www.egemtv.com\/index.php?rest_route=\/wp\/v2\/media\/24903"}],"wp:attachment":[{"href":"https:\/\/www.egemtv.com\/index.php?rest_route=%2Fwp%2Fv2%2Fmedia&parent=24902"}],"wp:term":[{"taxonomy":"category","embeddable":true,"href":"https:\/\/www.egemtv.com\/index.php?rest_route=%2Fwp%2Fv2%2Fcategories&post=24902"},{"taxonomy":"post_tag","embeddable":true,"href":"https:\/\/www.egemtv.com\/index.php?rest_route=%2Fwp%2Fv2%2Ftags&post=24902"}],"curies":[{"name":"wp","href":"https:\/\/api.w.org\/{rel}","templated":true}]}}