{"id":24899,"date":"2025-03-09T11:47:18","date_gmt":"2025-03-09T08:47:18","guid":{"rendered":"https:\/\/www.egemtv.com\/?p=24899"},"modified":"2025-03-09T11:47:22","modified_gmt":"2025-03-09T08:47:22","slug":"baskan-zencirci-yangin-magduru-aile-ile-gorustu-gereken-destegi-saglayacagiz","status":"publish","type":"post","link":"https:\/\/www.egemtv.com\/?p=24899","title":{"rendered":"Ba\u015fkan Zencirci yang\u0131n ma\u011fduru aile ile g\u00f6r\u00fc\u015ft\u00fc: &#8220;Gereken deste\u011fi sa\u011flayaca\u011f\u0131z&#8221;"},"content":{"rendered":"<p>Germencik Belediye Ba\u015fkan\u0131 Burak Zencirci, Yeni Mahalle\u2019de meydana gelen yang\u0131n\u0131n ard\u0131ndan evlerinde b\u00fcy\u00fck zarar meydana gelen aileyi ziyaret ederek, &#8220;Gereken deste\u011fi sa\u011flayaca\u011f\u0131z&#8221; dedi.<\/p>\n<p>Germencik Belediye Ba\u015fkan\u0131 Burak Zencirci yang\u0131n sonras\u0131 mahalle sakinleri ve mahalle muhtar\u0131yla birlikte ma\u011fdur aileye ge\u00e7mi\u015f olsun dileklerini iletti. Can kayb\u0131n\u0131n ya\u015fanmamas\u0131n en b\u00fcy\u00fck teselli oldu\u011funu belirten Ba\u015fkan Zencirci, &#8220;En b\u00fcy\u00fck tesellimiz can kayb\u0131n\u0131n olmam\u0131\u015f olmas\u0131. Bu zor d\u00f6nemde yaralar\u0131 birlikte saraca\u011f\u0131z&#8221; diye konu\u015ftu. Zencirci, belediye olarak ma\u011fdur aileye gereken yard\u0131m\u0131n sa\u011flanaca\u011f\u0131n\u0131 belirterek halk\u0131n yan\u0131nda olmaya devam edeceklerini vurgulad\u0131.<br \/><\/p>\n","protected":false},"excerpt":{"rendered":"<p>Germencik Belediye Ba\u015fkan\u0131 Burak Zencirci, Yeni Mahalle\u2019de meydana gelen yang\u0131n\u0131n ard\u0131ndan evlerinde b\u00fcy\u00fck zarar meydana gelen aileyi ziyaret ederek, &#8220;Gereken deste\u011fi sa\u011flayaca\u011f\u0131z&#8221; dedi. Germencik Belediye Ba\u015fkan\u0131 Burak Zencirci yang\u0131n sonras\u0131 mahalle sakinleri ve mahalle muhtar\u0131yla birlikte ma\u011fdur aileye ge\u00e7mi\u015f olsun dileklerini iletti. Can kayb\u0131n\u0131n ya\u015fanmamas\u0131n en b\u00fcy\u00fck teselli oldu\u011funu belirten Ba\u015fkan Zencirci, &#8220;En b\u00fcy\u00fck tesellimiz&#8230;<\/p>\n","protected":false},"author":1,"featured_media":24900,"comment_status":"open","ping_status":"open","sticky":false,"template":"","format":"standard","meta":{"_crdt_document":"","footnotes":""},"categories":[1],"tags":[],"class_list":["post-24899","post","type-post","status-publish","format-standard","has-post-thumbnail","hentry","category-guncel"],"_links":{"self":[{"href":"https:\/\/www.egemtv.com\/index.php?rest_route=\/wp\/v2\/posts\/24899","targetHints":{"allow":["GET"]}}],"collection":[{"href":"https:\/\/www.egemtv.com\/index.php?rest_route=\/wp\/v2\/posts"}],"about":[{"href":"https:\/\/www.egemtv.com\/index.php?rest_route=\/wp\/v2\/types\/post"}],"author":[{"embeddable":true,"href":"https:\/\/www.egemtv.com\/index.php?rest_route=\/wp\/v2\/users\/1"}],"replies":[{"embeddable":true,"href":"https:\/\/www.egemtv.com\/index.php?rest_route=%2Fwp%2Fv2%2Fcomments&post=24899"}],"version-history":[{"count":1,"href":"https:\/\/www.egemtv.com\/index.php?rest_route=\/wp\/v2\/posts\/24899\/revisions"}],"predecessor-version":[{"id":24901,"href":"https:\/\/www.egemtv.com\/index.php?rest_route=\/wp\/v2\/posts\/24899\/revisions\/24901"}],"wp:featuredmedia":[{"embeddable":true,"href":"https:\/\/www.egemtv.com\/index.php?rest_route=\/wp\/v2\/media\/24900"}],"wp:attachment":[{"href":"https:\/\/www.egemtv.com\/index.php?rest_route=%2Fwp%2Fv2%2Fmedia&parent=24899"}],"wp:term":[{"taxonomy":"category","embeddable":true,"href":"https:\/\/www.egemtv.com\/index.php?rest_route=%2Fwp%2Fv2%2Fcategories&post=24899"},{"taxonomy":"post_tag","embeddable":true,"href":"https:\/\/www.egemtv.com\/index.php?rest_route=%2Fwp%2Fv2%2Ftags&post=24899"}],"curies":[{"name":"wp","href":"https:\/\/api.w.org\/{rel}","templated":true}]}}