{"id":24896,"date":"2025-03-09T11:47:11","date_gmt":"2025-03-09T08:47:11","guid":{"rendered":"https:\/\/www.egemtv.com\/?p=24896"},"modified":"2025-03-09T11:47:18","modified_gmt":"2025-03-09T08:47:18","slug":"karsiyaka-basketbolda-kotu-gidisat-devam-ediyor","status":"publish","type":"post","link":"https:\/\/www.egemtv.com\/?p=24896","title":{"rendered":"Kar\u015f\u0131yaka Basketbol\u2019da k\u00f6t\u00fc gidi\u015fat devam ediyor"},"content":{"rendered":"<p>Kar\u015f\u0131yaka, T\u00fcrkiye Sigorta Basketbol S\u00fcper Ligi\u2019nin 20. haftas\u0131nda Galatasaray\u2019a deplasmanda ma\u011flup olarak \u00fcst \u00fcste 9. yenilgisini ald\u0131.<br \/>\n<br \/>Basketbol S\u00fcper Ligi\u2019nin 20 haftas\u0131nda Kar\u015f\u0131yaka, deplasmanda kar\u015f\u0131 kar\u015f\u0131ya geldi\u011fi Galatasaray\u2019a 101-80 kaybetti. Bu sonu\u00e7la birlikte \u0130zmir ekibi, ligde \u00fcst \u00fcste 9. ma\u011flubiyetini ald\u0131. Kar\u015f\u0131yaka Antren\u00f6r\u00fc Sinan Aksoylar m\u00fcsabakaya dair de\u011ferlendirmelerde bulundu. Kar\u015f\u0131la\u015fmaya iyi bir ba\u015flang\u0131\u00e7 yapamad\u0131klar\u0131n\u0131 s\u00f6yleyen Aksoylar, &#8220;Yapt\u0131\u011f\u0131m\u0131z basit top kay\u0131plar\u0131 rakibimizin kolay say\u0131lar bulmas\u0131na neden oldu. Dar olan rotasyonumuz, Thomas Akyaz\u0131l\u0131\u2019n\u0131n olmamas\u0131yla daha da darald\u0131. \u00d6n\u00fcm\u00fczdeki ma\u00e7 saham\u0131zda B\u00fcy\u00fck\u00e7ekmece ile olacak. Bu ma\u00e7a en iyi \u015fekilde haz\u0131rlanarak daha g\u00fc\u00e7l\u00fc bir performans sergilemeyi hedefleyece\u011fiz&#8221; ifadelerini kulland\u0131.<br \/>\n<br \/>Kar\u015f\u0131yaka Basketbol, 16 Mart Pazar g\u00fcn\u00fc Mustafa Kemal Atat\u00fcrk Kar\u015f\u0131yaka Spor Salonu\u2019nda B\u00fcy\u00fck\u00e7ekmece\u2019yi konuk edecek.<br \/><\/p>\n","protected":false},"excerpt":{"rendered":"<p>Kar\u015f\u0131yaka, T\u00fcrkiye Sigorta Basketbol S\u00fcper Ligi\u2019nin 20. haftas\u0131nda Galatasaray\u2019a deplasmanda ma\u011flup olarak \u00fcst \u00fcste 9. yenilgisini ald\u0131. Basketbol S\u00fcper Ligi\u2019nin 20 haftas\u0131nda Kar\u015f\u0131yaka, deplasmanda kar\u015f\u0131 kar\u015f\u0131ya geldi\u011fi Galatasaray\u2019a 101-80 kaybetti. Bu sonu\u00e7la birlikte \u0130zmir ekibi, ligde \u00fcst \u00fcste 9. ma\u011flubiyetini ald\u0131. Kar\u015f\u0131yaka Antren\u00f6r\u00fc Sinan Aksoylar m\u00fcsabakaya dair de\u011ferlendirmelerde bulundu. Kar\u015f\u0131la\u015fmaya iyi bir ba\u015flang\u0131\u00e7 yapamad\u0131klar\u0131n\u0131 s\u00f6yleyen&#8230;<\/p>\n","protected":false},"author":1,"featured_media":24897,"comment_status":"open","ping_status":"open","sticky":false,"template":"","format":"standard","meta":{"_crdt_document":"","footnotes":""},"categories":[4],"tags":[],"class_list":["post-24896","post","type-post","status-publish","format-standard","has-post-thumbnail","hentry","category-spor"],"_links":{"self":[{"href":"https:\/\/www.egemtv.com\/index.php?rest_route=\/wp\/v2\/posts\/24896","targetHints":{"allow":["GET"]}}],"collection":[{"href":"https:\/\/www.egemtv.com\/index.php?rest_route=\/wp\/v2\/posts"}],"about":[{"href":"https:\/\/www.egemtv.com\/index.php?rest_route=\/wp\/v2\/types\/post"}],"author":[{"embeddable":true,"href":"https:\/\/www.egemtv.com\/index.php?rest_route=\/wp\/v2\/users\/1"}],"replies":[{"embeddable":true,"href":"https:\/\/www.egemtv.com\/index.php?rest_route=%2Fwp%2Fv2%2Fcomments&post=24896"}],"version-history":[{"count":1,"href":"https:\/\/www.egemtv.com\/index.php?rest_route=\/wp\/v2\/posts\/24896\/revisions"}],"predecessor-version":[{"id":24898,"href":"https:\/\/www.egemtv.com\/index.php?rest_route=\/wp\/v2\/posts\/24896\/revisions\/24898"}],"wp:featuredmedia":[{"embeddable":true,"href":"https:\/\/www.egemtv.com\/index.php?rest_route=\/wp\/v2\/media\/24897"}],"wp:attachment":[{"href":"https:\/\/www.egemtv.com\/index.php?rest_route=%2Fwp%2Fv2%2Fmedia&parent=24896"}],"wp:term":[{"taxonomy":"category","embeddable":true,"href":"https:\/\/www.egemtv.com\/index.php?rest_route=%2Fwp%2Fv2%2Fcategories&post=24896"},{"taxonomy":"post_tag","embeddable":true,"href":"https:\/\/www.egemtv.com\/index.php?rest_route=%2Fwp%2Fv2%2Ftags&post=24896"}],"curies":[{"name":"wp","href":"https:\/\/api.w.org\/{rel}","templated":true}]}}