{"id":24893,"date":"2025-03-09T11:31:46","date_gmt":"2025-03-09T08:31:46","guid":{"rendered":"https:\/\/www.egemtv.com\/?p=24893"},"modified":"2025-03-09T11:31:51","modified_gmt":"2025-03-09T08:31:51","slug":"hakkinda-9-suctan-aranmasi-olan-kadin-banyo-dolabinda-yakalandi","status":"publish","type":"post","link":"https:\/\/www.egemtv.com\/?p=24893","title":{"rendered":"Hakk\u0131nda 9 su\u00e7tan aranmas\u0131 olan kad\u0131n banyo dolab\u0131nda yakaland\u0131"},"content":{"rendered":"<p>Ayd\u0131n\u2019\u0131n Ku\u015fadas\u0131 il\u00e7esinde 9 su\u00e7tan hakk\u0131nda 16 y\u0131l 6 ay 22 g\u00fcn kesinle\u015fmi\u015f hapis cezas\u0131 bulunan kad\u0131n, jandarma ekipleri taraf\u0131ndan d\u00fczenlenen operasyonda bir villan\u0131n banyosunda sakland\u0131\u011f\u0131 dolab\u0131n i\u00e7erisinde yakaland\u0131.<br \/>\n<br \/>Ayd\u0131n\u2019da jandarma ekipleri vatanda\u015flar\u0131n huzur ve g\u00fcvenli\u011fi i\u00e7in \u00e7al\u0131\u015fmalar\u0131n\u0131 aral\u0131ks\u0131z s\u00fcrd\u00fcr\u00fcyor. Aranan \u015fah\u0131slara da g\u00f6z a\u00e7t\u0131rmayan jandarma ekipleri ger\u00e7ekle\u015ftirdikleri ba\u015far\u0131l\u0131 \u00e7al\u0131\u015fmalar\u0131na bir yenisini daha ekledi. Edinilen bilgiye g\u00f6re, Ku\u015fadas\u0131 \u0130l\u00e7e Jandarma Komutanl\u0131\u011f\u0131 JASAT taraf\u0131ndan 7 aydan beri \u2019hakaret, hakk\u0131 olmayan yere tecav\u00fcz, su\u00e7 uydurma, kar\u015f\u0131l\u0131ks\u0131z yararlanma ve Vergi Usul Kanununa muhalefet olmak\u2019 su\u00e7u olmak \u00fczere toplam 9 su\u00e7tan aranan ve hakk\u0131nda 16 y\u0131l 6 ay 22 g\u00fcn hapis cezas\u0131 bulunan Z.Y. (55) isimli kad\u0131n\u0131n yap\u0131lan detayl\u0131 \u00e7al\u0131\u015fma sonucu yerini tespit eden ekipler, \u015f\u00fcphelinin bulundu\u011fu villaya operasyon d\u00fczenledi. Operasyonda villa i\u00e7erisinde yap\u0131lan aramalarda Z.Y. sakland\u0131\u011f\u0131 banyodaki dolap i\u00e7erisinde k\u0131sk\u0131vrak yakalanarak g\u00f6zalt\u0131na al\u0131nd\u0131. Jandarmadaki i\u015flemlerinin ard\u0131ndan adliyeye sevk edilen \u015fah\u0131s \u00e7\u0131kart\u0131ld\u0131\u011f\u0131 adli makamlarca tutuklanarak cezaevine g\u00f6nderildi.<br \/><\/p>\n","protected":false},"excerpt":{"rendered":"<p>Ayd\u0131n\u2019\u0131n Ku\u015fadas\u0131 il\u00e7esinde 9 su\u00e7tan hakk\u0131nda 16 y\u0131l 6 ay 22 g\u00fcn kesinle\u015fmi\u015f hapis cezas\u0131 bulunan kad\u0131n, jandarma ekipleri taraf\u0131ndan d\u00fczenlenen operasyonda bir villan\u0131n banyosunda sakland\u0131\u011f\u0131 dolab\u0131n i\u00e7erisinde yakaland\u0131. Ayd\u0131n\u2019da jandarma ekipleri vatanda\u015flar\u0131n huzur ve g\u00fcvenli\u011fi i\u00e7in \u00e7al\u0131\u015fmalar\u0131n\u0131 aral\u0131ks\u0131z s\u00fcrd\u00fcr\u00fcyor. Aranan \u015fah\u0131slara da g\u00f6z a\u00e7t\u0131rmayan jandarma ekipleri ger\u00e7ekle\u015ftirdikleri ba\u015far\u0131l\u0131 \u00e7al\u0131\u015fmalar\u0131na bir yenisini daha ekledi. Edinilen&#8230;<\/p>\n","protected":false},"author":1,"featured_media":24894,"comment_status":"open","ping_status":"open","sticky":false,"template":"","format":"standard","meta":{"_crdt_document":"","footnotes":""},"categories":[5],"tags":[],"class_list":["post-24893","post","type-post","status-publish","format-standard","has-post-thumbnail","hentry","category-asayis"],"_links":{"self":[{"href":"https:\/\/www.egemtv.com\/index.php?rest_route=\/wp\/v2\/posts\/24893","targetHints":{"allow":["GET"]}}],"collection":[{"href":"https:\/\/www.egemtv.com\/index.php?rest_route=\/wp\/v2\/posts"}],"about":[{"href":"https:\/\/www.egemtv.com\/index.php?rest_route=\/wp\/v2\/types\/post"}],"author":[{"embeddable":true,"href":"https:\/\/www.egemtv.com\/index.php?rest_route=\/wp\/v2\/users\/1"}],"replies":[{"embeddable":true,"href":"https:\/\/www.egemtv.com\/index.php?rest_route=%2Fwp%2Fv2%2Fcomments&post=24893"}],"version-history":[{"count":1,"href":"https:\/\/www.egemtv.com\/index.php?rest_route=\/wp\/v2\/posts\/24893\/revisions"}],"predecessor-version":[{"id":24895,"href":"https:\/\/www.egemtv.com\/index.php?rest_route=\/wp\/v2\/posts\/24893\/revisions\/24895"}],"wp:featuredmedia":[{"embeddable":true,"href":"https:\/\/www.egemtv.com\/index.php?rest_route=\/wp\/v2\/media\/24894"}],"wp:attachment":[{"href":"https:\/\/www.egemtv.com\/index.php?rest_route=%2Fwp%2Fv2%2Fmedia&parent=24893"}],"wp:term":[{"taxonomy":"category","embeddable":true,"href":"https:\/\/www.egemtv.com\/index.php?rest_route=%2Fwp%2Fv2%2Fcategories&post=24893"},{"taxonomy":"post_tag","embeddable":true,"href":"https:\/\/www.egemtv.com\/index.php?rest_route=%2Fwp%2Fv2%2Ftags&post=24893"}],"curies":[{"name":"wp","href":"https:\/\/api.w.org\/{rel}","templated":true}]}}