{"id":24890,"date":"2025-03-09T11:31:41","date_gmt":"2025-03-09T08:31:41","guid":{"rendered":"https:\/\/www.egemtv.com\/?p=24890"},"modified":"2025-03-09T11:31:46","modified_gmt":"2025-03-09T08:31:46","slug":"ringlerin-kurdu-nefise-kambocyada-kazandi","status":"publish","type":"post","link":"https:\/\/www.egemtv.com\/?p=24890","title":{"rendered":"Ringlerin Kurdu Nefise, Kambo\u00e7ya\u2019da kazand\u0131"},"content":{"rendered":"<p>Kambo\u00e7ya\u2019da 8 Mart D\u00fcnya Kad\u0131nlar G\u00fcn\u00fc\u2019nde d\u00fczenlenen profesyonel Muaythai organizasyonunda ringe \u00e7\u0131kan ve 4 farkl\u0131 turnuvada d\u00f6v\u00fc\u015fen Ayd\u0131nl\u0131 sporcu Nefise Delikurt bir gecede iki rakibiyle ringe \u00e7\u0131k\u0131p galip gelirken, Kambo\u00e7ya\u2019n\u0131n d\u00f6v\u00fc\u015f krali\u00e7esi unvan\u0131n\u0131 kazand\u0131 ve ejder tac\u0131n\u0131n da sahibi oldu.<\/p>\n<p>Kambo\u00e7ya\u2019da 8 Mart D\u00fcnya Kad\u0131nlar G\u00fcn\u00fc\u2019nde d\u00fczenlenen profesyonel Muaythai organizasyonunda ringe \u00e7\u0131kan Nefise Delikurt, 4 farkl\u0131 turnuvada d\u00f6v\u00fc\u015f\u00fcrken, bir gecede iki rakibiyle ringe \u00e7\u0131k\u0131p galip gelmeyi ba\u015fard\u0131. B\u00fcy\u00fck bir izleyici kitlesi \u00f6n\u00fcnde ger\u00e7ekle\u015ftirilen m\u00fccadelelerde, T\u00fcrk sporcu \u00fcst\u00fcn performans sergileyerek Kambo\u00e7ya\u2019n\u0131n d\u00f6v\u00fc\u015f krali\u00e7esi unvan\u0131n\u0131 kazand\u0131 ve ejder tac\u0131n\u0131 takt\u0131. Zorlu m\u00fccadele sonras\u0131 a\u00e7\u0131klamalarda bulunan Nefise Delikurt, &#8220;8 Mart D\u00fcnya Kad\u0131nlar G\u00fcn\u00fc\u2019nde Atat\u00fcrk\u2019\u00fcn k\u0131z\u0131 olarak t\u00fcm d\u00fcnyaya T\u00fcrk kad\u0131n\u0131n g\u00fcc\u00fcn\u00fc g\u00f6sterebildi\u011fim i\u00e7in \u00e7ok mutluyum. Buralara gelmemde en b\u00fcy\u00fck destek\u00e7im e\u015fim ve antren\u00f6r\u00fcm Murat Delikurt\u2019tur. Ba\u015fta sponsoruma ve bizi destekleyen t\u00fcm sevenlerimize \u00e7ok te\u015fekk\u00fcr ederim&#8221; dedi.<br \/><\/p>\n","protected":false},"excerpt":{"rendered":"<p>Kambo\u00e7ya\u2019da 8 Mart D\u00fcnya Kad\u0131nlar G\u00fcn\u00fc\u2019nde d\u00fczenlenen profesyonel Muaythai organizasyonunda ringe \u00e7\u0131kan ve 4 farkl\u0131 turnuvada d\u00f6v\u00fc\u015fen Ayd\u0131nl\u0131 sporcu Nefise Delikurt bir gecede iki rakibiyle ringe \u00e7\u0131k\u0131p galip gelirken, Kambo\u00e7ya\u2019n\u0131n d\u00f6v\u00fc\u015f krali\u00e7esi unvan\u0131n\u0131 kazand\u0131 ve ejder tac\u0131n\u0131n da sahibi oldu. Kambo\u00e7ya\u2019da 8 Mart D\u00fcnya Kad\u0131nlar G\u00fcn\u00fc\u2019nde d\u00fczenlenen profesyonel Muaythai organizasyonunda ringe \u00e7\u0131kan Nefise Delikurt, 4&#8230;<\/p>\n","protected":false},"author":1,"featured_media":24891,"comment_status":"open","ping_status":"open","sticky":false,"template":"","format":"standard","meta":{"_crdt_document":"","footnotes":""},"categories":[4],"tags":[],"class_list":["post-24890","post","type-post","status-publish","format-standard","has-post-thumbnail","hentry","category-spor"],"_links":{"self":[{"href":"https:\/\/www.egemtv.com\/index.php?rest_route=\/wp\/v2\/posts\/24890","targetHints":{"allow":["GET"]}}],"collection":[{"href":"https:\/\/www.egemtv.com\/index.php?rest_route=\/wp\/v2\/posts"}],"about":[{"href":"https:\/\/www.egemtv.com\/index.php?rest_route=\/wp\/v2\/types\/post"}],"author":[{"embeddable":true,"href":"https:\/\/www.egemtv.com\/index.php?rest_route=\/wp\/v2\/users\/1"}],"replies":[{"embeddable":true,"href":"https:\/\/www.egemtv.com\/index.php?rest_route=%2Fwp%2Fv2%2Fcomments&post=24890"}],"version-history":[{"count":1,"href":"https:\/\/www.egemtv.com\/index.php?rest_route=\/wp\/v2\/posts\/24890\/revisions"}],"predecessor-version":[{"id":24892,"href":"https:\/\/www.egemtv.com\/index.php?rest_route=\/wp\/v2\/posts\/24890\/revisions\/24892"}],"wp:featuredmedia":[{"embeddable":true,"href":"https:\/\/www.egemtv.com\/index.php?rest_route=\/wp\/v2\/media\/24891"}],"wp:attachment":[{"href":"https:\/\/www.egemtv.com\/index.php?rest_route=%2Fwp%2Fv2%2Fmedia&parent=24890"}],"wp:term":[{"taxonomy":"category","embeddable":true,"href":"https:\/\/www.egemtv.com\/index.php?rest_route=%2Fwp%2Fv2%2Fcategories&post=24890"},{"taxonomy":"post_tag","embeddable":true,"href":"https:\/\/www.egemtv.com\/index.php?rest_route=%2Fwp%2Fv2%2Ftags&post=24890"}],"curies":[{"name":"wp","href":"https:\/\/api.w.org\/{rel}","templated":true}]}}