{"id":24887,"date":"2025-03-09T10:48:07","date_gmt":"2025-03-09T07:48:07","guid":{"rendered":"https:\/\/www.egemtv.com\/?p=24887"},"modified":"2025-03-09T10:48:11","modified_gmt":"2025-03-09T07:48:11","slug":"aydinda-jandarma-ekipleri-kadinlari-unutmadi","status":"publish","type":"post","link":"https:\/\/www.egemtv.com\/?p=24887","title":{"rendered":"Ayd\u0131n\u2019da jandarma ekipleri kad\u0131nlar\u0131 unutmad\u0131"},"content":{"rendered":"<p>Ayd\u0131n\u2019da 8 Mart Kad\u0131nlar G\u00fcn\u00fc dolay\u0131s\u0131yla jandarma ekipleri kad\u0131nlara \u00e7i\u00e7ek takdim ederek g\u00fcnlerini kutlad\u0131.<\/p>\n<p>Ayd\u0131n \u0130l Jandarma Komutanl\u0131\u011f\u0131 ekiplerince 8 Mart Kad\u0131nlar G\u00fcn\u00fc haftas\u0131 m\u00fcnasebetiyle \u2019D\u00fcnyada her \u015fey kad\u0131n\u0131n eseridir\u2019 mottosuyla kad\u0131nlar ziyaret edilip, kad\u0131nlara y\u00f6nelik etkinlikler kat\u0131l\u0131m g\u00f6sterilerek \u20198 Mart D\u00fcnya Kad\u0131nlar G\u00fcn\u00fc\u2019 kutland\u0131. G\u00fcn\u00fcn anlam ve \u00f6nemi hakk\u0131nda sohbet edilen kad\u0131nlara karanfil hediye edilirken, jandarman\u0131n her zaman yanlar\u0131nda oldu\u011fu belirtildi.<br \/><\/p>\n","protected":false},"excerpt":{"rendered":"<p>Ayd\u0131n\u2019da 8 Mart Kad\u0131nlar G\u00fcn\u00fc dolay\u0131s\u0131yla jandarma ekipleri kad\u0131nlara \u00e7i\u00e7ek takdim ederek g\u00fcnlerini kutlad\u0131. Ayd\u0131n \u0130l Jandarma Komutanl\u0131\u011f\u0131 ekiplerince 8 Mart Kad\u0131nlar G\u00fcn\u00fc haftas\u0131 m\u00fcnasebetiyle \u2019D\u00fcnyada her \u015fey kad\u0131n\u0131n eseridir\u2019 mottosuyla kad\u0131nlar ziyaret edilip, kad\u0131nlara y\u00f6nelik etkinlikler kat\u0131l\u0131m g\u00f6sterilerek \u20198 Mart D\u00fcnya Kad\u0131nlar G\u00fcn\u00fc\u2019 kutland\u0131. G\u00fcn\u00fcn anlam ve \u00f6nemi hakk\u0131nda sohbet edilen kad\u0131nlara karanfil hediye&#8230;<\/p>\n","protected":false},"author":1,"featured_media":24888,"comment_status":"open","ping_status":"open","sticky":false,"template":"","format":"standard","meta":{"_crdt_document":"","footnotes":""},"categories":[1],"tags":[],"class_list":["post-24887","post","type-post","status-publish","format-standard","has-post-thumbnail","hentry","category-guncel"],"_links":{"self":[{"href":"https:\/\/www.egemtv.com\/index.php?rest_route=\/wp\/v2\/posts\/24887","targetHints":{"allow":["GET"]}}],"collection":[{"href":"https:\/\/www.egemtv.com\/index.php?rest_route=\/wp\/v2\/posts"}],"about":[{"href":"https:\/\/www.egemtv.com\/index.php?rest_route=\/wp\/v2\/types\/post"}],"author":[{"embeddable":true,"href":"https:\/\/www.egemtv.com\/index.php?rest_route=\/wp\/v2\/users\/1"}],"replies":[{"embeddable":true,"href":"https:\/\/www.egemtv.com\/index.php?rest_route=%2Fwp%2Fv2%2Fcomments&post=24887"}],"version-history":[{"count":1,"href":"https:\/\/www.egemtv.com\/index.php?rest_route=\/wp\/v2\/posts\/24887\/revisions"}],"predecessor-version":[{"id":24889,"href":"https:\/\/www.egemtv.com\/index.php?rest_route=\/wp\/v2\/posts\/24887\/revisions\/24889"}],"wp:featuredmedia":[{"embeddable":true,"href":"https:\/\/www.egemtv.com\/index.php?rest_route=\/wp\/v2\/media\/24888"}],"wp:attachment":[{"href":"https:\/\/www.egemtv.com\/index.php?rest_route=%2Fwp%2Fv2%2Fmedia&parent=24887"}],"wp:term":[{"taxonomy":"category","embeddable":true,"href":"https:\/\/www.egemtv.com\/index.php?rest_route=%2Fwp%2Fv2%2Fcategories&post=24887"},{"taxonomy":"post_tag","embeddable":true,"href":"https:\/\/www.egemtv.com\/index.php?rest_route=%2Fwp%2Fv2%2Ftags&post=24887"}],"curies":[{"name":"wp","href":"https:\/\/api.w.org\/{rel}","templated":true}]}}