{"id":24884,"date":"2025-03-09T10:48:02","date_gmt":"2025-03-09T07:48:02","guid":{"rendered":"https:\/\/www.egemtv.com\/?p=24884"},"modified":"2025-03-09T10:48:07","modified_gmt":"2025-03-09T07:48:07","slug":"djalma-silvadan-goztepe-taraftarina-mesaj-var","status":"publish","type":"post","link":"https:\/\/www.egemtv.com\/?p=24884","title":{"rendered":"Djalma Silva\u2019dan G\u00f6ztepe taraftar\u0131na mesaj var"},"content":{"rendered":"<p>Ge\u00e7ti\u011fimiz hafta oynanan Samsunspor ma\u00e7\u0131nda sakatlanarak oyundan \u00e7\u0131kmak zorunda kalan G\u00f6ztepeli Djalma Silva, sosyal medya hesab\u0131 \u00fczerinden payla\u015f\u0131m yaparak, &#8220;\u0130yiyim, moralim yerinde ve eskisinden daha g\u00fc\u00e7l\u00fc d\u00f6nece\u011fime inan\u0131yorum&#8221; ifadelerine yer verdi.<br \/>\n<br \/>Trendyol S\u00fcper Lig\u2019de ge\u00e7ti\u011fimiz hafta oynanan Samsunspor ma\u00e7\u0131nda sakatlanarak oyundan \u00e7\u0131kmak zorunda kalan Djalma Silva\u2019n\u0131n sol diz \u00f6n \u00e7apraz ba\u011f yaralanmas\u0131 tespit edildi\u011fi G\u00f6ztepe taraf\u0131ndan a\u00e7\u0131klanm\u0131\u015ft\u0131. B\u00f6ylece Brezilyal\u0131 oyuncunun yakla\u015f\u0131k 9 ay gibi bir s\u00fcre sahalardan uzak kalaca\u011f\u0131 \u00f6\u011frenildi. 30 ya\u015f\u0131ndaki sol bek, resmi sosyal medya hesab\u0131ndan sakatl\u0131\u011f\u0131 \u00fczerine bir payla\u015f\u0131m ger\u00e7ekle\u015ftirdi. \u00dczg\u00fcn oldu\u011funu vurgulayan Silva, &#8220;Ne yaz\u0131k ki, sezonun geri kalan\u0131nda beni d\u0131\u015far\u0131da tutacak bir diz sakatl\u0131\u011f\u0131m (\u00e7apraz ba\u011flar\u0131m) olu\u015ftu. \u0130yiyim, moralim yerinde ve eskisinden daha g\u00fc\u00e7l\u00fc d\u00f6nece\u011fime inan\u0131yorum. Bana mesaj g\u00f6nderen herkese te\u015fekk\u00fcr ederim&#8221; ifadelerine yer verdi.<br \/>\n<br \/>Djalma Silva, bu sezon G\u00f6ztepe formas\u0131yla t\u00fcm kulvarlarda 25 ma\u00e7a \u00e7\u0131karken, 1 gol ve 2 asistlik katk\u0131 verdi.<br \/><\/p>\n","protected":false},"excerpt":{"rendered":"<p>Ge\u00e7ti\u011fimiz hafta oynanan Samsunspor ma\u00e7\u0131nda sakatlanarak oyundan \u00e7\u0131kmak zorunda kalan G\u00f6ztepeli Djalma Silva, sosyal medya hesab\u0131 \u00fczerinden payla\u015f\u0131m yaparak, &#8220;\u0130yiyim, moralim yerinde ve eskisinden daha g\u00fc\u00e7l\u00fc d\u00f6nece\u011fime inan\u0131yorum&#8221; ifadelerine yer verdi. Trendyol S\u00fcper Lig\u2019de ge\u00e7ti\u011fimiz hafta oynanan Samsunspor ma\u00e7\u0131nda sakatlanarak oyundan \u00e7\u0131kmak zorunda kalan Djalma Silva\u2019n\u0131n sol diz \u00f6n \u00e7apraz ba\u011f yaralanmas\u0131 tespit edildi\u011fi G\u00f6ztepe&#8230;<\/p>\n","protected":false},"author":1,"featured_media":24885,"comment_status":"open","ping_status":"open","sticky":false,"template":"","format":"standard","meta":{"_crdt_document":"","footnotes":""},"categories":[4],"tags":[],"class_list":["post-24884","post","type-post","status-publish","format-standard","has-post-thumbnail","hentry","category-spor"],"_links":{"self":[{"href":"https:\/\/www.egemtv.com\/index.php?rest_route=\/wp\/v2\/posts\/24884","targetHints":{"allow":["GET"]}}],"collection":[{"href":"https:\/\/www.egemtv.com\/index.php?rest_route=\/wp\/v2\/posts"}],"about":[{"href":"https:\/\/www.egemtv.com\/index.php?rest_route=\/wp\/v2\/types\/post"}],"author":[{"embeddable":true,"href":"https:\/\/www.egemtv.com\/index.php?rest_route=\/wp\/v2\/users\/1"}],"replies":[{"embeddable":true,"href":"https:\/\/www.egemtv.com\/index.php?rest_route=%2Fwp%2Fv2%2Fcomments&post=24884"}],"version-history":[{"count":1,"href":"https:\/\/www.egemtv.com\/index.php?rest_route=\/wp\/v2\/posts\/24884\/revisions"}],"predecessor-version":[{"id":24886,"href":"https:\/\/www.egemtv.com\/index.php?rest_route=\/wp\/v2\/posts\/24884\/revisions\/24886"}],"wp:featuredmedia":[{"embeddable":true,"href":"https:\/\/www.egemtv.com\/index.php?rest_route=\/wp\/v2\/media\/24885"}],"wp:attachment":[{"href":"https:\/\/www.egemtv.com\/index.php?rest_route=%2Fwp%2Fv2%2Fmedia&parent=24884"}],"wp:term":[{"taxonomy":"category","embeddable":true,"href":"https:\/\/www.egemtv.com\/index.php?rest_route=%2Fwp%2Fv2%2Fcategories&post=24884"},{"taxonomy":"post_tag","embeddable":true,"href":"https:\/\/www.egemtv.com\/index.php?rest_route=%2Fwp%2Fv2%2Ftags&post=24884"}],"curies":[{"name":"wp","href":"https:\/\/api.w.org\/{rel}","templated":true}]}}